{"id":224457,"date":"2022-09-27T18:44:24","date_gmt":"2022-09-27T21:44:24","guid":{"rendered":"https:\/\/www.redenoticia.com.br\/noticia\/?p=224457"},"modified":"2022-09-27T18:44:24","modified_gmt":"2022-09-27T21:44:24","slug":"resumo-o-cravo-e-a-rosa-28-09-petruchio-vai-com-marcela-ao-noivado-de-bianca","status":"publish","type":"post","link":"https:\/\/migracao.redenoticia.com.br\/noticia\/2022\/resumo-o-cravo-e-a-rosa-28-09-petruchio-vai-com-marcela-ao-noivado-de-bianca\/224457","title":{"rendered":"Resumo &#8220;O Cravo e a Rosa&#8221; 28\/09: Petruchio vai com Marcela ao noivado de Bianca"},"content":{"rendered":"<p> <img loading=\"lazy\" decoding=\"async\" src=\"https:\/\/migracao.redenoticia.com.br\/noticia\/imagens\/o-cravo-e-a-rosa-elenco-resumo-sinopse.jpeg\" alt=\"\" width=\"1280\" height=\"720\" class=\"aligncenter size-full wp-image-213217\" srcset=\"https:\/\/migracao.redenoticia.com.br\/noticia\/imagens\/o-cravo-e-a-rosa-elenco-resumo-sinopse.jpeg 1280w, https:\/\/migracao.redenoticia.com.br\/noticia\/imagens\/o-cravo-e-a-rosa-elenco-resumo-sinopse-250x140.jpeg 250w, https:\/\/migracao.redenoticia.com.br\/noticia\/imagens\/o-cravo-e-a-rosa-elenco-resumo-sinopse-400x225.jpeg 400w, https:\/\/migracao.redenoticia.com.br\/noticia\/imagens\/o-cravo-e-a-rosa-elenco-resumo-sinopse-768x432.jpeg 768w, https:\/\/migracao.redenoticia.com.br\/noticia\/imagens\/o-cravo-e-a-rosa-elenco-resumo-sinopse-150x85.jpeg 150w\" sizes=\"auto, (max-width: 1280px) 100vw, 1280px\" \/><\/p>\n<p><em><strong>Resumo da novela &#8220;O Cravo e a Rosa&#8221;<\/strong><\/em> em 28\/09: no cap\u00edtulo 209(*) da novela, F\u00e1tima vibra ao saber que \u00e9 irm\u00e3 de Catarina. Teodoro passa a ser o indicado para prefeito, e anuncia o seu noivado com Kiki e o nome de Janu\u00e1rio para vereador. <\/p>\n<p>Edmundo pede a m\u00e3o de Bianca e Batista, relutante, aceita. Candoca conta a Celso que est\u00e1 pobre, mas ele insiste que ela se case com ele. Petruchio vai com Marcela ao noivado de Bianca. O delegado tamb\u00e9m chega.<\/p>\n<p>(*) edi\u00e7\u00e3o das novelas da Globo, &#8220;O Cravo e a Rosa&#8221;, sujeito a altera\u00e7\u00e3o de data e conte\u00fado.<\/p>\n<p>Sinopse &#8220;O Cravo e a Rosa&#8221;: Catarina Batista \u00e9 uma mulher moderna, na r\u00edgida sociedade paulista da d\u00e9cada de 1920, que recusa o papel feminino de se restringir a lavar ceroulas em um tanque. Juli\u00e3o Petruchio \u00e9 um homem rude, para quem a mulher deve ser a &#8220;rainha do lar&#8221;. Duas pessoas t\u00e3o diferentes vivem um romance contradit\u00f3rio.<\/p>\n<p>Conhecida como &#8216;a fera&#8217;, por botar todos os seus pretendentes para correr, Catarina vai esbarrar na teimosia c\u00ednica de Petruchio que, inicialmente, decide conquist\u00e1-la para, com o dote do casamento, salvar sua fazenda de ser hipotecada. Eles acabam se apaixonando, mas n\u00e3o d\u00e3o o bra\u00e7o a torcer, vivenciando cenas muito bem-humoradas de discuss\u00f5es e brigas vulc\u00e2nicas. Ele fingindo-se de &#8216;cordeirinho&#8217;, e ela cada vez mais furiosa com sua insist\u00eancia.<\/p>\n","protected":false},"excerpt":{"rendered":"<p>Resumo da novela &#8220;O Cravo e a Rosa&#8221; em 28\/09: no cap\u00edtulo 209(*) da novela, F\u00e1tima vibra ao saber que \u00e9 irm\u00e3 de Catarina. Teodoro passa a ser o indicado para prefeito, e anuncia o seu noivado com Kiki e o nome de Janu\u00e1rio para vereador. Edmundo pede a m\u00e3o de Bianca e Batista, relutante, [&hellip;]<\/p>\n","protected":false},"author":2,"featured_media":213218,"comment_status":"closed","ping_status":"closed","sticky":false,"template":"","format":"standard","meta":{"tdm_status":"","tdm_grid_status":"","footnotes":""},"categories":[379,2227,375,2025,343],"tags":[441],"class_list":{"0":"post-224457","1":"post","2":"type-post","3":"status-publish","4":"format-standard","5":"has-post-thumbnail","7":"category-novelas","8":"category-o-cravo-e-a-rosa","9":"category-rede-globo","10":"category-resumo","11":"category-televisao","12":"tag-resumo-do-dia"},"_links":{"self":[{"href":"https:\/\/migracao.redenoticia.com.br\/noticia\/wp-json\/wp\/v2\/posts\/224457","targetHints":{"allow":["GET"]}}],"collection":[{"href":"https:\/\/migracao.redenoticia.com.br\/noticia\/wp-json\/wp\/v2\/posts"}],"about":[{"href":"https:\/\/migracao.redenoticia.com.br\/noticia\/wp-json\/wp\/v2\/types\/post"}],"author":[{"embeddable":true,"href":"https:\/\/migracao.redenoticia.com.br\/noticia\/wp-json\/wp\/v2\/users\/2"}],"replies":[{"embeddable":true,"href":"https:\/\/migracao.redenoticia.com.br\/noticia\/wp-json\/wp\/v2\/comments?post=224457"}],"version-history":[{"count":0,"href":"https:\/\/migracao.redenoticia.com.br\/noticia\/wp-json\/wp\/v2\/posts\/224457\/revisions"}],"wp:featuredmedia":[{"embeddable":true,"href":"https:\/\/migracao.redenoticia.com.br\/noticia\/wp-json\/wp\/v2\/media\/213218"}],"wp:attachment":[{"href":"https:\/\/migracao.redenoticia.com.br\/noticia\/wp-json\/wp\/v2\/media?parent=224457"}],"wp:term":[{"taxonomy":"category","embeddable":true,"href":"https:\/\/migracao.redenoticia.com.br\/noticia\/wp-json\/wp\/v2\/categories?post=224457"},{"taxonomy":"post_tag","embeddable":true,"href":"https:\/\/migracao.redenoticia.com.br\/noticia\/wp-json\/wp\/v2\/tags?post=224457"}],"curies":[{"name":"wp","href":"https:\/\/api.w.org\/{rel}","templated":true}]}}