{"id":224467,"date":"2022-09-27T18:52:48","date_gmt":"2022-09-27T21:52:48","guid":{"rendered":"https:\/\/www.redenoticia.com.br\/noticia\/?p=224467"},"modified":"2022-09-27T18:52:48","modified_gmt":"2022-09-27T21:52:48","slug":"resumo-cara-e-coragem-28-09-nadir-exige-que-pat-expulse-joca-de-sua-casa","status":"publish","type":"post","link":"https:\/\/migracao.redenoticia.com.br\/noticia\/2022\/resumo-cara-e-coragem-28-09-nadir-exige-que-pat-expulse-joca-de-sua-casa\/224467","title":{"rendered":"Resumo \u201cCara e Coragem\u201d 28\/09: Nadir exige que Pat expulse Joca de sua casa"},"content":{"rendered":"<p> <img loading=\"lazy\" decoding=\"async\" src=\"https:\/\/migracao.redenoticia.com.br\/noticia\/imagens\/cara-e-coragem.jpg\" alt=\"\" width=\"1280\" height=\"720\" class=\"aligncenter size-full wp-image-220184\" srcset=\"https:\/\/migracao.redenoticia.com.br\/noticia\/imagens\/cara-e-coragem.jpg 1280w, https:\/\/migracao.redenoticia.com.br\/noticia\/imagens\/cara-e-coragem-250x140.jpg 250w, https:\/\/migracao.redenoticia.com.br\/noticia\/imagens\/cara-e-coragem-400x225.jpg 400w, https:\/\/migracao.redenoticia.com.br\/noticia\/imagens\/cara-e-coragem-768x432.jpg 768w, https:\/\/migracao.redenoticia.com.br\/noticia\/imagens\/cara-e-coragem-150x84.jpg 150w\" sizes=\"auto, (max-width: 1280px) 100vw, 1280px\" \/><\/p>\n<p><strong><em>Resumo da novela \u201cCara e Coragem\u201d<\/em><\/strong> em 28\/09: no cap\u00edtulo 105(*) da novela, Leonardo elogia a descoberta de Margareth. Regina teme que Danilo revele para os compradores que eles est\u00e3o com a f\u00f3rmula errada. Pat, Moa e Jonathan especulam sobre o motivo que levaria Margareth a trabalhar para encontrar a modifica\u00e7\u00e3o da f\u00f3rmula. \u00cdsis passa mal e revela para Renan que est\u00e1 gr\u00e1vida. M\u00e1rcia e Ol\u00edvia ajudam \u00cdsis e se irritam com a atitude de Renan, que se recusa a acompanhar a bailarina at\u00e9 o hospital. Renan faz o solo final do espet\u00e1culo e \u00e9 ovacionado pela plateia. \u00cdtalo conta para Pat, Moa e Rico que abrir\u00e1 uma nova empresa de seguran\u00e7a. Pat e Moa revelam para os s\u00f3cios o que descobriram sobre a assistente de Jonathan e pedem para Armandinho tentar desvendar para quem Margareth trabalha.<\/p>\n<p>Caio pede mais dinheiro para Regina. Margareth entrega para Danilo a modifica\u00e7\u00e3o da f\u00f3rmula. Ol\u00edvia fica frustrada com a cr\u00edtica que recebe sobre sua apresenta\u00e7\u00e3o no espet\u00e1culo e exige que Renan crie uma coreografia para ela e Enzo. Anita deixa J\u00e9ssica intrigada e pede para ela descobrir por que Robson mentiu sobre \u00cdtalo. Pat tem um pressentimento e teme perder Moa. Nadir exige que Pat expulse Joca de sua casa. A m\u00e3e de \u00cdsis pede para falar com Renan. Armandinho tenta seduzir Margareth. Danilo ordena que Duarte entregue para os compradores estrangeiros a modifica\u00e7\u00e3o da f\u00f3rmula.<\/p>\n<p>(*) edi\u00e7\u00e3o das novelas da Globo, \u201cCara e Coragem\u201d, sujeito a altera\u00e7\u00e3o de data e conte\u00fado.<\/p>\n<p>Sinopse \u201cCara e Coragem\u201d: Os dubl\u00eas profissionais Pat e Moa ter\u00e3o seus caminhos tra\u00e7ados com o da empres\u00e1ria Clarice Gusm\u00e3o, diretora da Sider\u00fargica Gusm\u00e3o e inventora de uma f\u00f3rmula secreta milion\u00e1ria, que ser\u00e1 invejada por Leonardo, irm\u00e3o de Clarice, sua amante Regina, e Danilo, tamb\u00e9m empres\u00e1rio.<\/p>\n<p>Enquanto os dubl\u00eas se descobrir\u00e3o apaixonados um pelo outro, mesmo que eles n\u00e3o admitam, Clarice ter\u00e1 um caso com \u00cdtalo, um instrutor de parkur, al\u00e9m de outros segredos obscuros dentro da trama. Uma reviravolta em sua vida acontece ao descobrir a exist\u00eancia de Anita, uma s\u00f3sia sua, mas com uma personalidade totalmente oposta.<\/p>\n","protected":false},"excerpt":{"rendered":"<p>Resumo da novela \u201cCara e Coragem\u201d em 28\/09: no cap\u00edtulo 105(*) da novela, Leonardo elogia a descoberta de Margareth. Regina teme que Danilo revele para os compradores que eles est\u00e3o com a f\u00f3rmula errada. Pat, Moa e Jonathan especulam sobre o motivo que levaria Margareth a trabalhar para encontrar a modifica\u00e7\u00e3o da f\u00f3rmula. \u00cdsis passa [&hellip;]<\/p>\n","protected":false},"author":2,"featured_media":220185,"comment_status":"closed","ping_status":"closed","sticky":false,"template":"","format":"standard","meta":{"tdm_status":"","tdm_grid_status":"","footnotes":""},"categories":[2281,379,375,2025,343],"tags":[441],"class_list":{"0":"post-224467","1":"post","2":"type-post","3":"status-publish","4":"format-standard","5":"has-post-thumbnail","7":"category-cara-e-coragem","8":"category-novelas","9":"category-rede-globo","10":"category-resumo","11":"category-televisao","12":"tag-resumo-do-dia"},"_links":{"self":[{"href":"https:\/\/migracao.redenoticia.com.br\/noticia\/wp-json\/wp\/v2\/posts\/224467","targetHints":{"allow":["GET"]}}],"collection":[{"href":"https:\/\/migracao.redenoticia.com.br\/noticia\/wp-json\/wp\/v2\/posts"}],"about":[{"href":"https:\/\/migracao.redenoticia.com.br\/noticia\/wp-json\/wp\/v2\/types\/post"}],"author":[{"embeddable":true,"href":"https:\/\/migracao.redenoticia.com.br\/noticia\/wp-json\/wp\/v2\/users\/2"}],"replies":[{"embeddable":true,"href":"https:\/\/migracao.redenoticia.com.br\/noticia\/wp-json\/wp\/v2\/comments?post=224467"}],"version-history":[{"count":0,"href":"https:\/\/migracao.redenoticia.com.br\/noticia\/wp-json\/wp\/v2\/posts\/224467\/revisions"}],"wp:featuredmedia":[{"embeddable":true,"href":"https:\/\/migracao.redenoticia.com.br\/noticia\/wp-json\/wp\/v2\/media\/220185"}],"wp:attachment":[{"href":"https:\/\/migracao.redenoticia.com.br\/noticia\/wp-json\/wp\/v2\/media?parent=224467"}],"wp:term":[{"taxonomy":"category","embeddable":true,"href":"https:\/\/migracao.redenoticia.com.br\/noticia\/wp-json\/wp\/v2\/categories?post=224467"},{"taxonomy":"post_tag","embeddable":true,"href":"https:\/\/migracao.redenoticia.com.br\/noticia\/wp-json\/wp\/v2\/tags?post=224467"}],"curies":[{"name":"wp","href":"https:\/\/api.w.org\/{rel}","templated":true}]}}