{"id":224509,"date":"2022-09-28T12:56:04","date_gmt":"2022-09-28T15:56:04","guid":{"rendered":"https:\/\/www.redenoticia.com.br\/noticia\/?p=224509"},"modified":"2022-09-28T12:56:04","modified_gmt":"2022-09-28T15:56:04","slug":"resumo-cara-e-coragem-29-09-andrea-e-pat-conversam-com-agenor","status":"publish","type":"post","link":"https:\/\/migracao.redenoticia.com.br\/noticia\/2022\/resumo-cara-e-coragem-29-09-andrea-e-pat-conversam-com-agenor\/224509","title":{"rendered":"Resumo \u201cCara e Coragem\u201d 29\/09: Andr\u00e9a e Pat conversam com Agenor"},"content":{"rendered":"<p> <img loading=\"lazy\" decoding=\"async\" src=\"https:\/\/migracao.redenoticia.com.br\/noticia\/imagens\/cara-e-coragem.jpg\" alt=\"\" width=\"1280\" height=\"720\" class=\"aligncenter size-full wp-image-220184\" srcset=\"https:\/\/migracao.redenoticia.com.br\/noticia\/imagens\/cara-e-coragem.jpg 1280w, https:\/\/migracao.redenoticia.com.br\/noticia\/imagens\/cara-e-coragem-250x140.jpg 250w, https:\/\/migracao.redenoticia.com.br\/noticia\/imagens\/cara-e-coragem-400x225.jpg 400w, https:\/\/migracao.redenoticia.com.br\/noticia\/imagens\/cara-e-coragem-768x432.jpg 768w, https:\/\/migracao.redenoticia.com.br\/noticia\/imagens\/cara-e-coragem-150x84.jpg 150w\" sizes=\"auto, (max-width: 1280px) 100vw, 1280px\" \/><\/p>\n<p><strong><em>Resumo da novela \u201cCara e Coragem\u201d<\/em><\/strong> em 29\/09: no cap\u00edtulo 106(*) da novela, Danilo explica para quem Duarte entregar\u00e1 os documentos. Armandinho questiona Margareth sobre seu trabalho com Jonathan, mas ela o beija para disfar\u00e7ar. Bob avisa a Andr\u00e9a que precisa viajar a neg\u00f3cios. Renan diz a Selma, m\u00e3e de Isis, que assumir\u00e1 o filho que \u00cdsis est\u00e1 esperando. Lou convida Ol\u00edvia para almo\u00e7ar com ela na casa de Rico. Joca pede para ficar com Ol\u00edvia. Danilo se recusa a preencher um protocolo solicitado por Martha, e Luana se irrita. Danilo avisa a Regina e Leonardo que eles n\u00e3o precisam mais se preocupar com a entrega da f\u00f3rmula para os compradores.<\/p>\n<p>J\u00e9ssica esconde o passaporte de Duarte. Pat incentiva Alfredo a dar uma chance para Ol\u00edvia. Dona Lia confidencia a Anita que Clarice era apaixonada por \u00cdtalo. Moa insiste em fazer um comercial em uma especialidade que n\u00e3o \u00e9 a sua e deixa Pat preocupada. J\u00e9ssica devolve o passaporte de Duarte e fica apreensiva. Paulo segue \u00cdtalo at\u00e9 a sua empresa de seguran\u00e7a. Jonathan encontra registros no computador de algo que foi alterado e questiona Margareth, que o enfrenta. Andr\u00e9a e Pat conversam com Agenor, o funcion\u00e1rio do orfanato, que supostamente falou com a m\u00e3e de Rebeca.<\/p>\n<p>(*) edi\u00e7\u00e3o das novelas da Globo, \u201cCara e Coragem\u201d, sujeito a altera\u00e7\u00e3o de data e conte\u00fado.<\/p>\n<p>Sinopse \u201cCara e Coragem\u201d: Os dubl\u00eas profissionais Pat e Moa ter\u00e3o seus caminhos tra\u00e7ados com o da empres\u00e1ria Clarice Gusm\u00e3o, diretora da Sider\u00fargica Gusm\u00e3o e inventora de uma f\u00f3rmula secreta milion\u00e1ria, que ser\u00e1 invejada por Leonardo, irm\u00e3o de Clarice, sua amante Regina, e Danilo, tamb\u00e9m empres\u00e1rio.<\/p>\n<p>Enquanto os dubl\u00eas se descobrir\u00e3o apaixonados um pelo outro, mesmo que eles n\u00e3o admitam, Clarice ter\u00e1 um caso com \u00cdtalo, um instrutor de parkur, al\u00e9m de outros segredos obscuros dentro da trama. Uma reviravolta em sua vida acontece ao descobrir a exist\u00eancia de Anita, uma s\u00f3sia sua, mas com uma personalidade totalmente oposta.<\/p>\n","protected":false},"excerpt":{"rendered":"<p>Resumo da novela \u201cCara e Coragem\u201d em 29\/09: no cap\u00edtulo 106(*) da novela, Danilo explica para quem Duarte entregar\u00e1 os documentos. Armandinho questiona Margareth sobre seu trabalho com Jonathan, mas ela o beija para disfar\u00e7ar. Bob avisa a Andr\u00e9a que precisa viajar a neg\u00f3cios. Renan diz a Selma, m\u00e3e de Isis, que assumir\u00e1 o filho [&hellip;]<\/p>\n","protected":false},"author":2,"featured_media":220185,"comment_status":"closed","ping_status":"closed","sticky":false,"template":"","format":"standard","meta":{"tdm_status":"","tdm_grid_status":"","footnotes":""},"categories":[2281,379,375,2025,343],"tags":[441],"class_list":{"0":"post-224509","1":"post","2":"type-post","3":"status-publish","4":"format-standard","5":"has-post-thumbnail","7":"category-cara-e-coragem","8":"category-novelas","9":"category-rede-globo","10":"category-resumo","11":"category-televisao","12":"tag-resumo-do-dia"},"_links":{"self":[{"href":"https:\/\/migracao.redenoticia.com.br\/noticia\/wp-json\/wp\/v2\/posts\/224509","targetHints":{"allow":["GET"]}}],"collection":[{"href":"https:\/\/migracao.redenoticia.com.br\/noticia\/wp-json\/wp\/v2\/posts"}],"about":[{"href":"https:\/\/migracao.redenoticia.com.br\/noticia\/wp-json\/wp\/v2\/types\/post"}],"author":[{"embeddable":true,"href":"https:\/\/migracao.redenoticia.com.br\/noticia\/wp-json\/wp\/v2\/users\/2"}],"replies":[{"embeddable":true,"href":"https:\/\/migracao.redenoticia.com.br\/noticia\/wp-json\/wp\/v2\/comments?post=224509"}],"version-history":[{"count":0,"href":"https:\/\/migracao.redenoticia.com.br\/noticia\/wp-json\/wp\/v2\/posts\/224509\/revisions"}],"wp:featuredmedia":[{"embeddable":true,"href":"https:\/\/migracao.redenoticia.com.br\/noticia\/wp-json\/wp\/v2\/media\/220185"}],"wp:attachment":[{"href":"https:\/\/migracao.redenoticia.com.br\/noticia\/wp-json\/wp\/v2\/media?parent=224509"}],"wp:term":[{"taxonomy":"category","embeddable":true,"href":"https:\/\/migracao.redenoticia.com.br\/noticia\/wp-json\/wp\/v2\/categories?post=224509"},{"taxonomy":"post_tag","embeddable":true,"href":"https:\/\/migracao.redenoticia.com.br\/noticia\/wp-json\/wp\/v2\/tags?post=224509"}],"curies":[{"name":"wp","href":"https:\/\/api.w.org\/{rel}","templated":true}]}}