{"id":224547,"date":"2022-09-29T15:07:09","date_gmt":"2022-09-29T18:07:09","guid":{"rendered":"https:\/\/www.redenoticia.com.br\/noticia\/?p=224547"},"modified":"2022-09-29T15:07:09","modified_gmt":"2022-09-29T18:07:09","slug":"resumo-pantanal-30-09-jose-leoncio-realiza-o-sonho-que-tinha-quando-jove-nasceu","status":"publish","type":"post","link":"https:\/\/migracao.redenoticia.com.br\/noticia\/2022\/resumo-pantanal-30-09-jose-leoncio-realiza-o-sonho-que-tinha-quando-jove-nasceu\/224547","title":{"rendered":"Resumo \u201cPantanal\u201d 30\/09: Jos\u00e9 Le\u00f4ncio realiza o sonho que tinha quando Jove nasceu"},"content":{"rendered":"<p> <img loading=\"lazy\" decoding=\"async\" class=\"aligncenter size-full wp-image-217356\" src=\"https:\/\/migracao.redenoticia.com.br\/noticia\/imagens\/pantanal_rei_do_gado_2022.jpg\" alt=\"\" width=\"1280\" height=\"720\" srcset=\"https:\/\/migracao.redenoticia.com.br\/noticia\/imagens\/pantanal_rei_do_gado_2022.jpg 1280w, https:\/\/migracao.redenoticia.com.br\/noticia\/imagens\/pantanal_rei_do_gado_2022-250x140.jpg 250w, https:\/\/migracao.redenoticia.com.br\/noticia\/imagens\/pantanal_rei_do_gado_2022-400x225.jpg 400w, https:\/\/migracao.redenoticia.com.br\/noticia\/imagens\/pantanal_rei_do_gado_2022-768x432.jpg 768w, https:\/\/migracao.redenoticia.com.br\/noticia\/imagens\/pantanal_rei_do_gado_2022-150x84.jpg 150w\" sizes=\"auto, (max-width: 1280px) 100vw, 1280px\" \/><\/p>\n<p><strong><em>Resumo da novela \u201cPantanal\u201d<\/em><\/strong> em 30\/09: no cap\u00edtulo 161(*) da novela, Jos\u00e9 Le\u00f4ncio elogia o desempenho de Jove e o responsabiliza pelos dois chegarem a salvo \u00e0 fazenda. Jos\u00e9 Le\u00f4ncio afirma a si mesmo que n\u00e3o far\u00e1 a cirurgia que o m\u00e9dico indicou. Muda promete dizer a Zaquieu onde est\u00e1 a zagaia se o pe\u00e3o garantir que a arma ser\u00e1 usada para matar Ten\u00f3rio. Prometendo guardar segredo, Juma conta a Fil\u00f3 que o Velho do Rio afirmou que Tadeu n\u00e3o \u00e9 seu neto biol\u00f3gico.<\/p>\n<p>Jos\u00e9 Le\u00f4ncio repreende Tadeu por ter usado a sela do av\u00f4 Joventino. Tadeu avisa ao pai que s\u00f3 se casa com Zefa se Jos\u00e9 Le\u00f4ncio se casar com Fil\u00f3. Jos\u00e9 Le\u00f4ncio cavalga com Jove atr\u00e1s de um gado, realizando o sonho que tinha quando o filho nasceu. Maria Bruaca fica comovida ao saber por Marcelo que o neto nasceu.<\/p>\n<p>(*) edi\u00e7\u00e3o das novelas da Globo, \u201cPantanal\u201d, sujeito a altera\u00e7\u00e3o de data e conte\u00fado.<\/p>\n<p>Sinopse \u201cPantanal\u201d: O tronco central acompanha o velho Joventino (Irandhir Santos) e seu filho, Jos\u00e9 Le\u00f4ncio (Renato G\u00f3es\/Marcos Palmeira). Confiando no conceito de que &#8220;a natureza pode mais que o homem&#8221;, Joventino acaba se tornando o maior pe\u00e3o do Pantanal e ficou famoso por trazer os bois selvagens, os ditos marru\u00e1s, no feiti\u00e7o. Por\u00e9m, foi logo ap\u00f3s essa compreens\u00e3o que Joventino desapareceu, sem deixar rastros, e abandonou o filho. <\/p>\n","protected":false},"excerpt":{"rendered":"<p>Resumo da novela \u201cPantanal\u201d em 30\/09: no cap\u00edtulo 161(*) da novela, Jos\u00e9 Le\u00f4ncio elogia o desempenho de Jove e o responsabiliza pelos dois chegarem a salvo \u00e0 fazenda. Jos\u00e9 Le\u00f4ncio afirma a si mesmo que n\u00e3o far\u00e1 a cirurgia que o m\u00e9dico indicou. Muda promete dizer a Zaquieu onde est\u00e1 a zagaia se o pe\u00e3o [&hellip;]<\/p>\n","protected":false},"author":2,"featured_media":217355,"comment_status":"closed","ping_status":"closed","sticky":false,"template":"","format":"standard","meta":{"tdm_status":"","tdm_grid_status":"","footnotes":""},"categories":[379,2260,375,2025,343],"tags":[441],"class_list":{"0":"post-224547","1":"post","2":"type-post","3":"status-publish","4":"format-standard","5":"has-post-thumbnail","7":"category-novelas","8":"category-pantanal","9":"category-rede-globo","10":"category-resumo","11":"category-televisao","12":"tag-resumo-do-dia"},"_links":{"self":[{"href":"https:\/\/migracao.redenoticia.com.br\/noticia\/wp-json\/wp\/v2\/posts\/224547","targetHints":{"allow":["GET"]}}],"collection":[{"href":"https:\/\/migracao.redenoticia.com.br\/noticia\/wp-json\/wp\/v2\/posts"}],"about":[{"href":"https:\/\/migracao.redenoticia.com.br\/noticia\/wp-json\/wp\/v2\/types\/post"}],"author":[{"embeddable":true,"href":"https:\/\/migracao.redenoticia.com.br\/noticia\/wp-json\/wp\/v2\/users\/2"}],"replies":[{"embeddable":true,"href":"https:\/\/migracao.redenoticia.com.br\/noticia\/wp-json\/wp\/v2\/comments?post=224547"}],"version-history":[{"count":0,"href":"https:\/\/migracao.redenoticia.com.br\/noticia\/wp-json\/wp\/v2\/posts\/224547\/revisions"}],"wp:featuredmedia":[{"embeddable":true,"href":"https:\/\/migracao.redenoticia.com.br\/noticia\/wp-json\/wp\/v2\/media\/217355"}],"wp:attachment":[{"href":"https:\/\/migracao.redenoticia.com.br\/noticia\/wp-json\/wp\/v2\/media?parent=224547"}],"wp:term":[{"taxonomy":"category","embeddable":true,"href":"https:\/\/migracao.redenoticia.com.br\/noticia\/wp-json\/wp\/v2\/categories?post=224547"},{"taxonomy":"post_tag","embeddable":true,"href":"https:\/\/migracao.redenoticia.com.br\/noticia\/wp-json\/wp\/v2\/tags?post=224547"}],"curies":[{"name":"wp","href":"https:\/\/api.w.org\/{rel}","templated":true}]}}