{"id":224563,"date":"2022-09-29T15:06:04","date_gmt":"2022-09-29T18:06:04","guid":{"rendered":"https:\/\/www.redenoticia.com.br\/noticia\/?p=224563"},"modified":"2022-09-29T15:06:04","modified_gmt":"2022-09-29T18:06:04","slug":"resumo-cara-e-coragem-30-09-jonathan-suspende-margareth","status":"publish","type":"post","link":"https:\/\/migracao.redenoticia.com.br\/noticia\/2022\/resumo-cara-e-coragem-30-09-jonathan-suspende-margareth\/224563","title":{"rendered":"Resumo \u201cCara e Coragem\u201d 30\/09: Jonathan suspende Margareth"},"content":{"rendered":"<p> <img loading=\"lazy\" decoding=\"async\" src=\"https:\/\/migracao.redenoticia.com.br\/noticia\/imagens\/cara-e-coragem.jpg\" alt=\"\" width=\"1280\" height=\"720\" class=\"aligncenter size-full wp-image-220184\" srcset=\"https:\/\/migracao.redenoticia.com.br\/noticia\/imagens\/cara-e-coragem.jpg 1280w, https:\/\/migracao.redenoticia.com.br\/noticia\/imagens\/cara-e-coragem-250x140.jpg 250w, https:\/\/migracao.redenoticia.com.br\/noticia\/imagens\/cara-e-coragem-400x225.jpg 400w, https:\/\/migracao.redenoticia.com.br\/noticia\/imagens\/cara-e-coragem-768x432.jpg 768w, https:\/\/migracao.redenoticia.com.br\/noticia\/imagens\/cara-e-coragem-150x84.jpg 150w\" sizes=\"auto, (max-width: 1280px) 100vw, 1280px\" \/><\/p>\n<p><strong><em>Resumo da novela \u201cCara e Coragem\u201d<\/em><\/strong> em 30\/09: no cap\u00edtulo 107(*) da novela, Andr\u00e9a e Pat ficam mexidas com o que Agenor fala sobre a suposta m\u00e3e de Rebeca. Pat tem uma ideia para tentar encontrar a m\u00e3e de Rebeca. Paulo avisa a Marcela que est\u00e1 em frente a um galp\u00e3o, onde \u00cdtalo est\u00e1 com algumas pessoas, e ela decide ir ao seu encontro. Jonathan suspende Margareth das atividades no laborat\u00f3rio, que reclama com Leonardo e Regina. Duarte segue no voo para encontrar com os compradores da f\u00f3rmula. Lou comenta com Teca que pode voltar a dan\u00e7ar.<\/p>\n<p>Hugo fica chateado quando Enzo n\u00e3o d\u00e1 aten\u00e7\u00e3o a ele. J\u00e9ssica se preocupa com a falta de not\u00edcias de Duarte. Renan cuida de \u00cdsis em sua casa. Ol\u00edvia e Alfredo se reconciliam. Moa afirma que j\u00e1 est\u00e1 em condi\u00e7\u00f5es de filmar o comercial, e Rico se preocupa. Nadir tenta expulsar Joca da fachada de seu pr\u00e9dio. Marcela pensa em entrar na empresa de \u00cdtalo com Paulo. Dona Lia consola Dagmar ao v\u00ea-la ser destratada por Regina. Rebeca conta para Leonardo e Regina que est\u00e1 \u00e0 procura de sua m\u00e3e. Joca pede abrigo na casa de Moa. J\u00e9ssica liga para Danilo para saber not\u00edcias de Duarte. Marcela e Paulo entram no galp\u00e3o da empresa de seguran\u00e7a, depois que \u00cdtalo e sua equipe deixam o local.<\/p>\n<p>(*) edi\u00e7\u00e3o das novelas da Globo, \u201cCara e Coragem\u201d, sujeito a altera\u00e7\u00e3o de data e conte\u00fado.<\/p>\n<p>Sinopse \u201cCara e Coragem\u201d: Os dubl\u00eas profissionais Pat e Moa ter\u00e3o seus caminhos tra\u00e7ados com o da empres\u00e1ria Clarice Gusm\u00e3o, diretora da Sider\u00fargica Gusm\u00e3o e inventora de uma f\u00f3rmula secreta milion\u00e1ria, que ser\u00e1 invejada por Leonardo, irm\u00e3o de Clarice, sua amante Regina, e Danilo, tamb\u00e9m empres\u00e1rio.<\/p>\n<p>Enquanto os dubl\u00eas se descobrir\u00e3o apaixonados um pelo outro, mesmo que eles n\u00e3o admitam, Clarice ter\u00e1 um caso com \u00cdtalo, um instrutor de parkur, al\u00e9m de outros segredos obscuros dentro da trama. Uma reviravolta em sua vida acontece ao descobrir a exist\u00eancia de Anita, uma s\u00f3sia sua, mas com uma personalidade totalmente oposta.<\/p>\n","protected":false},"excerpt":{"rendered":"<p>Resumo da novela \u201cCara e Coragem\u201d em 30\/09: no cap\u00edtulo 107(*) da novela, Andr\u00e9a e Pat ficam mexidas com o que Agenor fala sobre a suposta m\u00e3e de Rebeca. Pat tem uma ideia para tentar encontrar a m\u00e3e de Rebeca. Paulo avisa a Marcela que est\u00e1 em frente a um galp\u00e3o, onde \u00cdtalo est\u00e1 com [&hellip;]<\/p>\n","protected":false},"author":2,"featured_media":220185,"comment_status":"closed","ping_status":"closed","sticky":false,"template":"","format":"standard","meta":{"tdm_status":"","tdm_grid_status":"","footnotes":""},"categories":[2281,379,375,2025,343],"tags":[441],"class_list":{"0":"post-224563","1":"post","2":"type-post","3":"status-publish","4":"format-standard","5":"has-post-thumbnail","7":"category-cara-e-coragem","8":"category-novelas","9":"category-rede-globo","10":"category-resumo","11":"category-televisao","12":"tag-resumo-do-dia"},"_links":{"self":[{"href":"https:\/\/migracao.redenoticia.com.br\/noticia\/wp-json\/wp\/v2\/posts\/224563","targetHints":{"allow":["GET"]}}],"collection":[{"href":"https:\/\/migracao.redenoticia.com.br\/noticia\/wp-json\/wp\/v2\/posts"}],"about":[{"href":"https:\/\/migracao.redenoticia.com.br\/noticia\/wp-json\/wp\/v2\/types\/post"}],"author":[{"embeddable":true,"href":"https:\/\/migracao.redenoticia.com.br\/noticia\/wp-json\/wp\/v2\/users\/2"}],"replies":[{"embeddable":true,"href":"https:\/\/migracao.redenoticia.com.br\/noticia\/wp-json\/wp\/v2\/comments?post=224563"}],"version-history":[{"count":0,"href":"https:\/\/migracao.redenoticia.com.br\/noticia\/wp-json\/wp\/v2\/posts\/224563\/revisions"}],"wp:featuredmedia":[{"embeddable":true,"href":"https:\/\/migracao.redenoticia.com.br\/noticia\/wp-json\/wp\/v2\/media\/220185"}],"wp:attachment":[{"href":"https:\/\/migracao.redenoticia.com.br\/noticia\/wp-json\/wp\/v2\/media?parent=224563"}],"wp:term":[{"taxonomy":"category","embeddable":true,"href":"https:\/\/migracao.redenoticia.com.br\/noticia\/wp-json\/wp\/v2\/categories?post=224563"},{"taxonomy":"post_tag","embeddable":true,"href":"https:\/\/migracao.redenoticia.com.br\/noticia\/wp-json\/wp\/v2\/tags?post=224563"}],"curies":[{"name":"wp","href":"https:\/\/api.w.org\/{rel}","templated":true}]}}