{"id":224592,"date":"2022-09-30T16:10:06","date_gmt":"2022-09-30T19:10:06","guid":{"rendered":"https:\/\/www.redenoticia.com.br\/noticia\/?p=224592"},"modified":"2022-09-30T16:10:06","modified_gmt":"2022-09-30T19:10:06","slug":"resumo-pantanal-01-10-alcides-e-zaquieu-ficam-de-tocaia-na-fazenda-de-tenorio","status":"publish","type":"post","link":"https:\/\/migracao.redenoticia.com.br\/noticia\/2022\/resumo-pantanal-01-10-alcides-e-zaquieu-ficam-de-tocaia-na-fazenda-de-tenorio\/224592","title":{"rendered":"Resumo \u201cPantanal\u201d 01\/10: Alcides e Zaquieu ficam de tocaia na fazenda de Ten\u00f3rio"},"content":{"rendered":"<p> <img loading=\"lazy\" decoding=\"async\" class=\"aligncenter size-full wp-image-217356\" src=\"https:\/\/migracao.redenoticia.com.br\/noticia\/imagens\/pantanal_rei_do_gado_2022.jpg\" alt=\"\" width=\"1280\" height=\"720\" srcset=\"https:\/\/migracao.redenoticia.com.br\/noticia\/imagens\/pantanal_rei_do_gado_2022.jpg 1280w, https:\/\/migracao.redenoticia.com.br\/noticia\/imagens\/pantanal_rei_do_gado_2022-250x140.jpg 250w, https:\/\/migracao.redenoticia.com.br\/noticia\/imagens\/pantanal_rei_do_gado_2022-400x225.jpg 400w, https:\/\/migracao.redenoticia.com.br\/noticia\/imagens\/pantanal_rei_do_gado_2022-768x432.jpg 768w, https:\/\/migracao.redenoticia.com.br\/noticia\/imagens\/pantanal_rei_do_gado_2022-150x84.jpg 150w\" sizes=\"auto, (max-width: 1280px) 100vw, 1280px\" \/><\/p>\n<p><strong><em>Resumo da novela \u201cPantanal\u201d<\/em><\/strong> em 01\/10: no cap\u00edtulo 162(*) da novela, Ten\u00f3rio n\u00e3o gosta de saber que Maria Bruaca ainda est\u00e1 na fazenda de Jos\u00e9 Le\u00f4ncio. Alcides insiste na ideia de que n\u00e3o pode mais ficar junto a Maria Bruaca. Alcides se surpreende com a decis\u00e3o de Zaquieu de ajud\u00e1-lo a matar Ten\u00f3rio. Ten\u00f3rio n\u00e3o deixa Marcelo buscar Maria Bruaca para conhecer o neto, afirmando que a ex-mulher n\u00e3o entra mais em sua fazenda.<\/p>\n<p>Ari avisa a Jos\u00e9 Le\u00f4ncio que o m\u00e9dico est\u00e1 cobrando os exames que o fazendeiro n\u00e3o fez. Jos\u00e9 Le\u00f4ncio declara seu amor a Fil\u00f3. Fil\u00f3 se preocupa com a decis\u00e3o de Jos\u00e9 Le\u00f4ncio de participar de uma comitiva com os tr\u00eas filhos. Alcides e Zaquieu est\u00e3o de tocaia, na fazenda de Ten\u00f3rio, esperando o grileiro para atac\u00e1-lo.<\/p>\n<p>(*) edi\u00e7\u00e3o das novelas da Globo, \u201cPantanal\u201d, sujeito a altera\u00e7\u00e3o de data e conte\u00fado.<\/p>\n<p>Sinopse \u201cPantanal\u201d: O tronco central acompanha o velho Joventino (Irandhir Santos) e seu filho, Jos\u00e9 Le\u00f4ncio (Renato G\u00f3es\/Marcos Palmeira). Confiando no conceito de que &#8220;a natureza pode mais que o homem&#8221;, Joventino acaba se tornando o maior pe\u00e3o do Pantanal e ficou famoso por trazer os bois selvagens, os ditos marru\u00e1s, no feiti\u00e7o. Por\u00e9m, foi logo ap\u00f3s essa compreens\u00e3o que Joventino desapareceu, sem deixar rastros, e abandonou o filho. <\/p>\n","protected":false},"excerpt":{"rendered":"<p>Resumo da novela \u201cPantanal\u201d em 01\/10: no cap\u00edtulo 162(*) da novela, Ten\u00f3rio n\u00e3o gosta de saber que Maria Bruaca ainda est\u00e1 na fazenda de Jos\u00e9 Le\u00f4ncio. Alcides insiste na ideia de que n\u00e3o pode mais ficar junto a Maria Bruaca. Alcides se surpreende com a decis\u00e3o de Zaquieu de ajud\u00e1-lo a matar Ten\u00f3rio. Ten\u00f3rio n\u00e3o [&hellip;]<\/p>\n","protected":false},"author":2,"featured_media":217355,"comment_status":"closed","ping_status":"closed","sticky":false,"template":"","format":"standard","meta":{"tdm_status":"","tdm_grid_status":"","footnotes":""},"categories":[379,2260,375,2025,343],"tags":[441],"class_list":{"0":"post-224592","1":"post","2":"type-post","3":"status-publish","4":"format-standard","5":"has-post-thumbnail","7":"category-novelas","8":"category-pantanal","9":"category-rede-globo","10":"category-resumo","11":"category-televisao","12":"tag-resumo-do-dia"},"_links":{"self":[{"href":"https:\/\/migracao.redenoticia.com.br\/noticia\/wp-json\/wp\/v2\/posts\/224592","targetHints":{"allow":["GET"]}}],"collection":[{"href":"https:\/\/migracao.redenoticia.com.br\/noticia\/wp-json\/wp\/v2\/posts"}],"about":[{"href":"https:\/\/migracao.redenoticia.com.br\/noticia\/wp-json\/wp\/v2\/types\/post"}],"author":[{"embeddable":true,"href":"https:\/\/migracao.redenoticia.com.br\/noticia\/wp-json\/wp\/v2\/users\/2"}],"replies":[{"embeddable":true,"href":"https:\/\/migracao.redenoticia.com.br\/noticia\/wp-json\/wp\/v2\/comments?post=224592"}],"version-history":[{"count":0,"href":"https:\/\/migracao.redenoticia.com.br\/noticia\/wp-json\/wp\/v2\/posts\/224592\/revisions"}],"wp:featuredmedia":[{"embeddable":true,"href":"https:\/\/migracao.redenoticia.com.br\/noticia\/wp-json\/wp\/v2\/media\/217355"}],"wp:attachment":[{"href":"https:\/\/migracao.redenoticia.com.br\/noticia\/wp-json\/wp\/v2\/media?parent=224592"}],"wp:term":[{"taxonomy":"category","embeddable":true,"href":"https:\/\/migracao.redenoticia.com.br\/noticia\/wp-json\/wp\/v2\/categories?post=224592"},{"taxonomy":"post_tag","embeddable":true,"href":"https:\/\/migracao.redenoticia.com.br\/noticia\/wp-json\/wp\/v2\/tags?post=224592"}],"curies":[{"name":"wp","href":"https:\/\/api.w.org\/{rel}","templated":true}]}}