{"id":224595,"date":"2022-09-30T16:08:16","date_gmt":"2022-09-30T19:08:16","guid":{"rendered":"https:\/\/www.redenoticia.com.br\/noticia\/?p=224595"},"modified":"2022-09-30T16:08:16","modified_gmt":"2022-09-30T19:08:16","slug":"resumo-cara-e-coragem-01-10-duarte-e-levado-para-sala-escura","status":"publish","type":"post","link":"https:\/\/migracao.redenoticia.com.br\/noticia\/2022\/resumo-cara-e-coragem-01-10-duarte-e-levado-para-sala-escura\/224595","title":{"rendered":"Resumo \u201cCara e Coragem\u201d 01\/10: Duarte \u00e9 levado para sala escura"},"content":{"rendered":"<p> <img loading=\"lazy\" decoding=\"async\" src=\"https:\/\/migracao.redenoticia.com.br\/noticia\/imagens\/cara-e-coragem.jpg\" alt=\"\" width=\"1280\" height=\"720\" class=\"aligncenter size-full wp-image-220184\" srcset=\"https:\/\/migracao.redenoticia.com.br\/noticia\/imagens\/cara-e-coragem.jpg 1280w, https:\/\/migracao.redenoticia.com.br\/noticia\/imagens\/cara-e-coragem-250x140.jpg 250w, https:\/\/migracao.redenoticia.com.br\/noticia\/imagens\/cara-e-coragem-400x225.jpg 400w, https:\/\/migracao.redenoticia.com.br\/noticia\/imagens\/cara-e-coragem-768x432.jpg 768w, https:\/\/migracao.redenoticia.com.br\/noticia\/imagens\/cara-e-coragem-150x84.jpg 150w\" sizes=\"auto, (max-width: 1280px) 100vw, 1280px\" \/><\/p>\n<p><strong><em>Resumo da novela \u201cCara e Coragem\u201d<\/em><\/strong> em 01\/10: no cap\u00edtulo 108(*) da novela, Marcela e Paulo ficam presos em um compartimento, e \u00cdtalo os observa atrav\u00e9s das c\u00e2meras. J\u00e9ssica avisa a Lucas sobre Duarte. O celular de Bob \u00e9 confiscado no momento em que ele entra no avi\u00e3o. Rebeca reclama com Danilo da forma como Regina trata a m\u00e3e. Leonardo obriga Regina a se desculpar com Dagmar. <\/p>\n<p>Alfredo \u00e9 carinhoso com Ol\u00edvia. Moa deixa Joca sozinho com as crian\u00e7as e vai para o treino de flyboard. Nadir muda o visual, e Pat fica orgulhosa da m\u00e3e. \u00cdsis comemora com Selma os cuidados que Renan est\u00e1 tendo com ela. Teca leva Lou \u00e0 companhia de dan\u00e7a para falar com Ol\u00edvia.<\/p>\n<p>O detetive T\u00falio avisa que levar\u00e1 dona C\u00e9lia at\u00e9 Rebeca. Moa se atrapalha com a chegada de Kak\u00e1 em seu treino. Martha volta de viagem e faz grandes elogios a Caio para Regina. Caio se vangloria para os amigos falando sobre a viagem com Martha. Moa readmite Kak\u00e1 na Coragem.com, sem o consentimento dos outros s\u00f3cios. Lou afirma a Ol\u00edvia que voltar\u00e1 a ser a solista da companhia. J\u00e9ssica comenta com Anita sobre Bob e que est\u00e1 preocupada com o amigo que viajou para o exterior com uma miss\u00e3o. Duarte \u00e9 levado para uma sala escura e fica amedrontado. Rebeca conhece dona C\u00e9lia.<\/p>\n<p>(*) edi\u00e7\u00e3o das novelas da Globo, \u201cCara e Coragem\u201d, sujeito a altera\u00e7\u00e3o de data e conte\u00fado.<\/p>\n<p>Sinopse \u201cCara e Coragem\u201d: Os dubl\u00eas profissionais Pat e Moa ter\u00e3o seus caminhos tra\u00e7ados com o da empres\u00e1ria Clarice Gusm\u00e3o, diretora da Sider\u00fargica Gusm\u00e3o e inventora de uma f\u00f3rmula secreta milion\u00e1ria, que ser\u00e1 invejada por Leonardo, irm\u00e3o de Clarice, sua amante Regina, e Danilo, tamb\u00e9m empres\u00e1rio.<\/p>\n<p>Enquanto os dubl\u00eas se descobrir\u00e3o apaixonados um pelo outro, mesmo que eles n\u00e3o admitam, Clarice ter\u00e1 um caso com \u00cdtalo, um instrutor de parkur, al\u00e9m de outros segredos obscuros dentro da trama. Uma reviravolta em sua vida acontece ao descobrir a exist\u00eancia de Anita, uma s\u00f3sia sua, mas com uma personalidade totalmente oposta.<\/p>\n","protected":false},"excerpt":{"rendered":"<p>Resumo da novela \u201cCara e Coragem\u201d em 01\/10: no cap\u00edtulo 108(*) da novela, Marcela e Paulo ficam presos em um compartimento, e \u00cdtalo os observa atrav\u00e9s das c\u00e2meras. J\u00e9ssica avisa a Lucas sobre Duarte. O celular de Bob \u00e9 confiscado no momento em que ele entra no avi\u00e3o. Rebeca reclama com Danilo da forma como [&hellip;]<\/p>\n","protected":false},"author":2,"featured_media":220185,"comment_status":"closed","ping_status":"closed","sticky":false,"template":"","format":"standard","meta":{"tdm_status":"","tdm_grid_status":"","footnotes":""},"categories":[2281,379,375,2025,343],"tags":[441],"class_list":{"0":"post-224595","1":"post","2":"type-post","3":"status-publish","4":"format-standard","5":"has-post-thumbnail","7":"category-cara-e-coragem","8":"category-novelas","9":"category-rede-globo","10":"category-resumo","11":"category-televisao","12":"tag-resumo-do-dia"},"_links":{"self":[{"href":"https:\/\/migracao.redenoticia.com.br\/noticia\/wp-json\/wp\/v2\/posts\/224595","targetHints":{"allow":["GET"]}}],"collection":[{"href":"https:\/\/migracao.redenoticia.com.br\/noticia\/wp-json\/wp\/v2\/posts"}],"about":[{"href":"https:\/\/migracao.redenoticia.com.br\/noticia\/wp-json\/wp\/v2\/types\/post"}],"author":[{"embeddable":true,"href":"https:\/\/migracao.redenoticia.com.br\/noticia\/wp-json\/wp\/v2\/users\/2"}],"replies":[{"embeddable":true,"href":"https:\/\/migracao.redenoticia.com.br\/noticia\/wp-json\/wp\/v2\/comments?post=224595"}],"version-history":[{"count":0,"href":"https:\/\/migracao.redenoticia.com.br\/noticia\/wp-json\/wp\/v2\/posts\/224595\/revisions"}],"wp:featuredmedia":[{"embeddable":true,"href":"https:\/\/migracao.redenoticia.com.br\/noticia\/wp-json\/wp\/v2\/media\/220185"}],"wp:attachment":[{"href":"https:\/\/migracao.redenoticia.com.br\/noticia\/wp-json\/wp\/v2\/media?parent=224595"}],"wp:term":[{"taxonomy":"category","embeddable":true,"href":"https:\/\/migracao.redenoticia.com.br\/noticia\/wp-json\/wp\/v2\/categories?post=224595"},{"taxonomy":"post_tag","embeddable":true,"href":"https:\/\/migracao.redenoticia.com.br\/noticia\/wp-json\/wp\/v2\/tags?post=224595"}],"curies":[{"name":"wp","href":"https:\/\/api.w.org\/{rel}","templated":true}]}}