{"id":224636,"date":"2022-10-01T16:07:54","date_gmt":"2022-10-01T19:07:54","guid":{"rendered":"https:\/\/www.redenoticia.com.br\/noticia\/?p=224636"},"modified":"2022-10-01T16:07:54","modified_gmt":"2022-10-01T19:07:54","slug":"resumo-cara-e-coragem-03-10-moa-se-acidenta-durante-gravacao-de-um-comercial","status":"publish","type":"post","link":"https:\/\/migracao.redenoticia.com.br\/noticia\/2022\/resumo-cara-e-coragem-03-10-moa-se-acidenta-durante-gravacao-de-um-comercial\/224636","title":{"rendered":"Resumo \u201cCara e Coragem\u201d 03\/10: Moa se acidenta durante grava\u00e7\u00e3o de um comercial"},"content":{"rendered":"<p> <img loading=\"lazy\" decoding=\"async\" src=\"https:\/\/migracao.redenoticia.com.br\/noticia\/imagens\/cara-e-coragem.jpg\" alt=\"\" width=\"1280\" height=\"720\" class=\"aligncenter size-full wp-image-220184\" srcset=\"https:\/\/migracao.redenoticia.com.br\/noticia\/imagens\/cara-e-coragem.jpg 1280w, https:\/\/migracao.redenoticia.com.br\/noticia\/imagens\/cara-e-coragem-250x140.jpg 250w, https:\/\/migracao.redenoticia.com.br\/noticia\/imagens\/cara-e-coragem-400x225.jpg 400w, https:\/\/migracao.redenoticia.com.br\/noticia\/imagens\/cara-e-coragem-768x432.jpg 768w, https:\/\/migracao.redenoticia.com.br\/noticia\/imagens\/cara-e-coragem-150x84.jpg 150w\" sizes=\"auto, (max-width: 1280px) 100vw, 1280px\" \/><\/p>\n<p><strong><em>Resumo da novela \u201cCara e Coragem\u201d<\/em><\/strong> em 03\/10: no cap\u00edtulo 109(*) da novela, C\u00e9lia e Rebeca se emocionam ao se conhecerem. Anita fica intrigada com as informa\u00e7\u00f5es de J\u00e9ssica sobre Bob. Duarte se desespera quando Maurice pede explica\u00e7\u00f5es sobre a nova f\u00f3rmula e o mant\u00e9m ref\u00e9m no exterior, mesmo depois de falar com Danilo. Moa reclama da falta de apoio de Pat. Ol\u00edvia pensa em como falar para Renan sobre a volta de Lou \u00e0 companhia. Danilo sugere que Rebeca e C\u00e9lia fa\u00e7am um exame de DNA para comprovar que s\u00e3o m\u00e3e e filha. Renan n\u00e3o consegue disfar\u00e7ar o entusiasmo ao saber da volta de Lou para o posto de solista.<\/p>\n<p>J\u00e9ssica procura Andr\u00e9a e Danilo para saber not\u00edcias de Bob. \u00cdtalo revela para os s\u00f3cios que flagrou Marcela e Paulo aos beijos. Marcela manda Paulo convocar Leonardo para outro depoimento. Cleide e Batata exigem que Moa pague multa por tirar Kak\u00e1 Bezerra da \u00caxito. Martha volta de viagem. \u00cdtalo sonha com Clarice falando de Anita e fica intrigado. Lou decide contar para Rico sua decis\u00e3o de voltar para a companhia e os dois discutem. Anita comenta com \u00cdtalo que Bob Wright levou uma f\u00f3rmula para o exterior. Moa se acidenta durante a grava\u00e7\u00e3o de um comercial com flyboard, e Pat se desespera.<\/p>\n<p>(*) edi\u00e7\u00e3o das novelas da Globo, \u201cCara e Coragem\u201d, sujeito a altera\u00e7\u00e3o de data e conte\u00fado.<\/p>\n<p>Sinopse \u201cCara e Coragem\u201d: Os dubl\u00eas profissionais Pat e Moa ter\u00e3o seus caminhos tra\u00e7ados com o da empres\u00e1ria Clarice Gusm\u00e3o, diretora da Sider\u00fargica Gusm\u00e3o e inventora de uma f\u00f3rmula secreta milion\u00e1ria, que ser\u00e1 invejada por Leonardo, irm\u00e3o de Clarice, sua amante Regina, e Danilo, tamb\u00e9m empres\u00e1rio.<\/p>\n<p>Enquanto os dubl\u00eas se descobrir\u00e3o apaixonados um pelo outro, mesmo que eles n\u00e3o admitam, Clarice ter\u00e1 um caso com \u00cdtalo, um instrutor de parkur, al\u00e9m de outros segredos obscuros dentro da trama. Uma reviravolta em sua vida acontece ao descobrir a exist\u00eancia de Anita, uma s\u00f3sia sua, mas com uma personalidade totalmente oposta.<\/p>\n","protected":false},"excerpt":{"rendered":"<p>Resumo da novela \u201cCara e Coragem\u201d em 03\/10: no cap\u00edtulo 109(*) da novela, C\u00e9lia e Rebeca se emocionam ao se conhecerem. Anita fica intrigada com as informa\u00e7\u00f5es de J\u00e9ssica sobre Bob. Duarte se desespera quando Maurice pede explica\u00e7\u00f5es sobre a nova f\u00f3rmula e o mant\u00e9m ref\u00e9m no exterior, mesmo depois de falar com Danilo. Moa [&hellip;]<\/p>\n","protected":false},"author":2,"featured_media":220185,"comment_status":"closed","ping_status":"closed","sticky":false,"template":"","format":"standard","meta":{"tdm_status":"","tdm_grid_status":"","footnotes":""},"categories":[2281,379,375,2025,343],"tags":[441],"class_list":{"0":"post-224636","1":"post","2":"type-post","3":"status-publish","4":"format-standard","5":"has-post-thumbnail","7":"category-cara-e-coragem","8":"category-novelas","9":"category-rede-globo","10":"category-resumo","11":"category-televisao","12":"tag-resumo-do-dia"},"_links":{"self":[{"href":"https:\/\/migracao.redenoticia.com.br\/noticia\/wp-json\/wp\/v2\/posts\/224636","targetHints":{"allow":["GET"]}}],"collection":[{"href":"https:\/\/migracao.redenoticia.com.br\/noticia\/wp-json\/wp\/v2\/posts"}],"about":[{"href":"https:\/\/migracao.redenoticia.com.br\/noticia\/wp-json\/wp\/v2\/types\/post"}],"author":[{"embeddable":true,"href":"https:\/\/migracao.redenoticia.com.br\/noticia\/wp-json\/wp\/v2\/users\/2"}],"replies":[{"embeddable":true,"href":"https:\/\/migracao.redenoticia.com.br\/noticia\/wp-json\/wp\/v2\/comments?post=224636"}],"version-history":[{"count":0,"href":"https:\/\/migracao.redenoticia.com.br\/noticia\/wp-json\/wp\/v2\/posts\/224636\/revisions"}],"wp:featuredmedia":[{"embeddable":true,"href":"https:\/\/migracao.redenoticia.com.br\/noticia\/wp-json\/wp\/v2\/media\/220185"}],"wp:attachment":[{"href":"https:\/\/migracao.redenoticia.com.br\/noticia\/wp-json\/wp\/v2\/media?parent=224636"}],"wp:term":[{"taxonomy":"category","embeddable":true,"href":"https:\/\/migracao.redenoticia.com.br\/noticia\/wp-json\/wp\/v2\/categories?post=224636"},{"taxonomy":"post_tag","embeddable":true,"href":"https:\/\/migracao.redenoticia.com.br\/noticia\/wp-json\/wp\/v2\/tags?post=224636"}],"curies":[{"name":"wp","href":"https:\/\/api.w.org\/{rel}","templated":true}]}}