{"id":224673,"date":"2022-10-03T18:09:32","date_gmt":"2022-10-03T21:09:32","guid":{"rendered":"https:\/\/www.redenoticia.com.br\/noticia\/?p=224673"},"modified":"2022-10-03T18:09:32","modified_gmt":"2022-10-03T21:09:32","slug":"resumo-pantanal-04-10-alcides-confessa-a-jose-leoncio-que-matou-tenorio","status":"publish","type":"post","link":"https:\/\/migracao.redenoticia.com.br\/noticia\/2022\/resumo-pantanal-04-10-alcides-confessa-a-jose-leoncio-que-matou-tenorio\/224673","title":{"rendered":"Resumo \u201cPantanal\u201d 04\/10: Alcides confessa a Jos\u00e9 Le\u00f4ncio que matou Ten\u00f3rio"},"content":{"rendered":"<p> <img loading=\"lazy\" decoding=\"async\" class=\"aligncenter size-full wp-image-217356\" src=\"https:\/\/migracao.redenoticia.com.br\/noticia\/imagens\/pantanal_rei_do_gado_2022.jpg\" alt=\"\" width=\"1280\" height=\"720\" srcset=\"https:\/\/migracao.redenoticia.com.br\/noticia\/imagens\/pantanal_rei_do_gado_2022.jpg 1280w, https:\/\/migracao.redenoticia.com.br\/noticia\/imagens\/pantanal_rei_do_gado_2022-250x140.jpg 250w, https:\/\/migracao.redenoticia.com.br\/noticia\/imagens\/pantanal_rei_do_gado_2022-400x225.jpg 400w, https:\/\/migracao.redenoticia.com.br\/noticia\/imagens\/pantanal_rei_do_gado_2022-768x432.jpg 768w, https:\/\/migracao.redenoticia.com.br\/noticia\/imagens\/pantanal_rei_do_gado_2022-150x84.jpg 150w\" sizes=\"auto, (max-width: 1280px) 100vw, 1280px\" \/><\/p>\n<p><strong><em>Resumo da novela \u201cPantanal\u201d<\/em><\/strong> em 04\/10: no cap\u00edtulo 164(*) da novela, Zaquieu convence Alcides a ficar com Maria Bruaca. Alcides confessa a Jos\u00e9 Le\u00f4ncio que foi ele quem matou Ten\u00f3rio. Maria Bruaca deixa a cargo de Jos\u00e9 Le\u00f4ncio contar para Guta a hist\u00f3ria que ele achar mais verdadeira sobre a morte do ex-marido.<\/p>\n<p>Jos\u00e9 Le\u00f4ncio aconselha Alcides a ir embora e recome\u00e7ar a vida. Maria Bruaca e Alcides decidem ir embora sem se despedir de ningu\u00e9m. Renato promete matar o pe\u00e3o que atirou em seu pai. Muda faz as pazes com Tib\u00e9rio. Marcelo conversa com Guta sobre a morte de Ten\u00f3rio, que considera mal contada. Jos\u00e9 Le\u00f4ncio est\u00e1 pensando em sua vida, quando se assusta com a presen\u00e7a de Jos\u00e9 Lucas.<\/p>\n<p>(*) edi\u00e7\u00e3o das novelas da Globo, \u201cPantanal\u201d, sujeito a altera\u00e7\u00e3o de data e conte\u00fado.<\/p>\n<p>Sinopse \u201cPantanal\u201d: O tronco central acompanha o velho Joventino (Irandhir Santos) e seu filho, Jos\u00e9 Le\u00f4ncio (Renato G\u00f3es\/Marcos Palmeira). Confiando no conceito de que &#8220;a natureza pode mais que o homem&#8221;, Joventino acaba se tornando o maior pe\u00e3o do Pantanal e ficou famoso por trazer os bois selvagens, os ditos marru\u00e1s, no feiti\u00e7o. Por\u00e9m, foi logo ap\u00f3s essa compreens\u00e3o que Joventino desapareceu, sem deixar rastros, e abandonou o filho. <\/p>\n","protected":false},"excerpt":{"rendered":"<p>Resumo da novela \u201cPantanal\u201d em 04\/10: no cap\u00edtulo 164(*) da novela, Zaquieu convence Alcides a ficar com Maria Bruaca. Alcides confessa a Jos\u00e9 Le\u00f4ncio que foi ele quem matou Ten\u00f3rio. Maria Bruaca deixa a cargo de Jos\u00e9 Le\u00f4ncio contar para Guta a hist\u00f3ria que ele achar mais verdadeira sobre a morte do ex-marido. Jos\u00e9 Le\u00f4ncio [&hellip;]<\/p>\n","protected":false},"author":2,"featured_media":217355,"comment_status":"closed","ping_status":"closed","sticky":false,"template":"","format":"standard","meta":{"tdm_status":"","tdm_grid_status":"","footnotes":""},"categories":[379,2260,375,2025,343],"tags":[441],"class_list":{"0":"post-224673","1":"post","2":"type-post","3":"status-publish","4":"format-standard","5":"has-post-thumbnail","7":"category-novelas","8":"category-pantanal","9":"category-rede-globo","10":"category-resumo","11":"category-televisao","12":"tag-resumo-do-dia"},"_links":{"self":[{"href":"https:\/\/migracao.redenoticia.com.br\/noticia\/wp-json\/wp\/v2\/posts\/224673","targetHints":{"allow":["GET"]}}],"collection":[{"href":"https:\/\/migracao.redenoticia.com.br\/noticia\/wp-json\/wp\/v2\/posts"}],"about":[{"href":"https:\/\/migracao.redenoticia.com.br\/noticia\/wp-json\/wp\/v2\/types\/post"}],"author":[{"embeddable":true,"href":"https:\/\/migracao.redenoticia.com.br\/noticia\/wp-json\/wp\/v2\/users\/2"}],"replies":[{"embeddable":true,"href":"https:\/\/migracao.redenoticia.com.br\/noticia\/wp-json\/wp\/v2\/comments?post=224673"}],"version-history":[{"count":0,"href":"https:\/\/migracao.redenoticia.com.br\/noticia\/wp-json\/wp\/v2\/posts\/224673\/revisions"}],"wp:featuredmedia":[{"embeddable":true,"href":"https:\/\/migracao.redenoticia.com.br\/noticia\/wp-json\/wp\/v2\/media\/217355"}],"wp:attachment":[{"href":"https:\/\/migracao.redenoticia.com.br\/noticia\/wp-json\/wp\/v2\/media?parent=224673"}],"wp:term":[{"taxonomy":"category","embeddable":true,"href":"https:\/\/migracao.redenoticia.com.br\/noticia\/wp-json\/wp\/v2\/categories?post=224673"},{"taxonomy":"post_tag","embeddable":true,"href":"https:\/\/migracao.redenoticia.com.br\/noticia\/wp-json\/wp\/v2\/tags?post=224673"}],"curies":[{"name":"wp","href":"https:\/\/api.w.org\/{rel}","templated":true}]}}