{"id":224724,"date":"2022-10-04T14:48:50","date_gmt":"2022-10-04T17:48:50","guid":{"rendered":"https:\/\/www.redenoticia.com.br\/noticia\/?p=224724"},"modified":"2022-10-04T14:48:50","modified_gmt":"2022-10-04T17:48:50","slug":"resumo-pantanal-05-10-juma-descobre-que-muda-esta-gravida","status":"publish","type":"post","link":"https:\/\/migracao.redenoticia.com.br\/noticia\/2022\/resumo-pantanal-05-10-juma-descobre-que-muda-esta-gravida\/224724","title":{"rendered":"Resumo \u201cPantanal\u201d 05\/10: Juma descobre que Muda est\u00e1 gr\u00e1vida"},"content":{"rendered":"<p> <img loading=\"lazy\" decoding=\"async\" class=\"aligncenter size-full wp-image-217356\" src=\"https:\/\/migracao.redenoticia.com.br\/noticia\/imagens\/pantanal_rei_do_gado_2022.jpg\" alt=\"\" width=\"1280\" height=\"720\" srcset=\"https:\/\/migracao.redenoticia.com.br\/noticia\/imagens\/pantanal_rei_do_gado_2022.jpg 1280w, https:\/\/migracao.redenoticia.com.br\/noticia\/imagens\/pantanal_rei_do_gado_2022-250x140.jpg 250w, https:\/\/migracao.redenoticia.com.br\/noticia\/imagens\/pantanal_rei_do_gado_2022-400x225.jpg 400w, https:\/\/migracao.redenoticia.com.br\/noticia\/imagens\/pantanal_rei_do_gado_2022-768x432.jpg 768w, https:\/\/migracao.redenoticia.com.br\/noticia\/imagens\/pantanal_rei_do_gado_2022-150x84.jpg 150w\" sizes=\"auto, (max-width: 1280px) 100vw, 1280px\" \/><\/p>\n<p><strong><em>Resumo da novela \u201cPantanal\u201d<\/em><\/strong> em 05\/10: no cap\u00edtulo 165(*) da novela, Jove diz a Zaquieu que \u00e9 dif\u00edcil acreditar que ele tenha matado Ten\u00f3rio. Marcelo e Renato brigam. Ari conta aos filhos de Jos\u00e9 Le\u00f4ncio que o m\u00e9dico est\u00e1 atr\u00e1s do fazendeiro para fazer exames. Juma descobre que Muda est\u00e1 gr\u00e1vida. Jos\u00e9 Le\u00f4ncio pede a Tadeu que limpe a sela de prata para entregar ao seu dono. Zaquieu fica arrasado ao saber por Tib\u00e9rio que n\u00e3o acompanhar\u00e1 a comitiva. Jos\u00e9 Le\u00f4ncio parte com a comitiva montado no cavalo com a sela que era do pai.<\/p>\n<p>Renato amea\u00e7a Zaquieu com uma arma, mas \u00e9 rendido por Juma. Eug\u00eanio avisa a Irma que est\u00e1 confiando sua chalana para Jos\u00e9 Le\u00f4ncio. Jos\u00e9 Le\u00f4ncio avisa aos filhos que eles v\u00e3o disputar a sela do av\u00f4 em uma raia. Zaquieu conta a Zuleica e filhos sobre os crimes que Ten\u00f3rio cometeu. Jos\u00e9 Le\u00f4ncio fica surpreso ao ver Tadeu parado, enquanto os outros dois filhos est\u00e3o a galope pela disputa da sela do av\u00f4.<\/p>\n<p>(*) edi\u00e7\u00e3o das novelas da Globo, \u201cPantanal\u201d, sujeito a altera\u00e7\u00e3o de data e conte\u00fado.<\/p>\n<p>Sinopse \u201cPantanal\u201d: O tronco central acompanha o velho Joventino (Irandhir Santos) e seu filho, Jos\u00e9 Le\u00f4ncio (Renato G\u00f3es\/Marcos Palmeira). Confiando no conceito de que &#8220;a natureza pode mais que o homem&#8221;, Joventino acaba se tornando o maior pe\u00e3o do Pantanal e ficou famoso por trazer os bois selvagens, os ditos marru\u00e1s, no feiti\u00e7o. Por\u00e9m, foi logo ap\u00f3s essa compreens\u00e3o que Joventino desapareceu, sem deixar rastros, e abandonou o filho. <\/p>\n","protected":false},"excerpt":{"rendered":"<p>Resumo da novela \u201cPantanal\u201d em 05\/10: no cap\u00edtulo 165(*) da novela, Jove diz a Zaquieu que \u00e9 dif\u00edcil acreditar que ele tenha matado Ten\u00f3rio. Marcelo e Renato brigam. Ari conta aos filhos de Jos\u00e9 Le\u00f4ncio que o m\u00e9dico est\u00e1 atr\u00e1s do fazendeiro para fazer exames. Juma descobre que Muda est\u00e1 gr\u00e1vida. Jos\u00e9 Le\u00f4ncio pede a [&hellip;]<\/p>\n","protected":false},"author":2,"featured_media":217355,"comment_status":"closed","ping_status":"closed","sticky":false,"template":"","format":"standard","meta":{"tdm_status":"","tdm_grid_status":"","footnotes":""},"categories":[379,2260,375,2025,343],"tags":[441],"class_list":{"0":"post-224724","1":"post","2":"type-post","3":"status-publish","4":"format-standard","5":"has-post-thumbnail","7":"category-novelas","8":"category-pantanal","9":"category-rede-globo","10":"category-resumo","11":"category-televisao","12":"tag-resumo-do-dia"},"_links":{"self":[{"href":"https:\/\/migracao.redenoticia.com.br\/noticia\/wp-json\/wp\/v2\/posts\/224724","targetHints":{"allow":["GET"]}}],"collection":[{"href":"https:\/\/migracao.redenoticia.com.br\/noticia\/wp-json\/wp\/v2\/posts"}],"about":[{"href":"https:\/\/migracao.redenoticia.com.br\/noticia\/wp-json\/wp\/v2\/types\/post"}],"author":[{"embeddable":true,"href":"https:\/\/migracao.redenoticia.com.br\/noticia\/wp-json\/wp\/v2\/users\/2"}],"replies":[{"embeddable":true,"href":"https:\/\/migracao.redenoticia.com.br\/noticia\/wp-json\/wp\/v2\/comments?post=224724"}],"version-history":[{"count":0,"href":"https:\/\/migracao.redenoticia.com.br\/noticia\/wp-json\/wp\/v2\/posts\/224724\/revisions"}],"wp:featuredmedia":[{"embeddable":true,"href":"https:\/\/migracao.redenoticia.com.br\/noticia\/wp-json\/wp\/v2\/media\/217355"}],"wp:attachment":[{"href":"https:\/\/migracao.redenoticia.com.br\/noticia\/wp-json\/wp\/v2\/media?parent=224724"}],"wp:term":[{"taxonomy":"category","embeddable":true,"href":"https:\/\/migracao.redenoticia.com.br\/noticia\/wp-json\/wp\/v2\/categories?post=224724"},{"taxonomy":"post_tag","embeddable":true,"href":"https:\/\/migracao.redenoticia.com.br\/noticia\/wp-json\/wp\/v2\/tags?post=224724"}],"curies":[{"name":"wp","href":"https:\/\/api.w.org\/{rel}","templated":true}]}}