{"id":224741,"date":"2022-10-04T14:47:41","date_gmt":"2022-10-04T17:47:41","guid":{"rendered":"https:\/\/www.redenoticia.com.br\/noticia\/?p=224741"},"modified":"2022-10-04T14:47:41","modified_gmt":"2022-10-04T17:47:41","slug":"resumo-cara-e-coragem-05-10-pat-descobre-que-clarice-teve-um-caso-com-gustavo","status":"publish","type":"post","link":"https:\/\/migracao.redenoticia.com.br\/noticia\/2022\/resumo-cara-e-coragem-05-10-pat-descobre-que-clarice-teve-um-caso-com-gustavo\/224741","title":{"rendered":"Resumo \u201cCara e Coragem\u201d 05\/10: Pat descobre que Clarice teve um caso com Gustavo"},"content":{"rendered":"<p> <img loading=\"lazy\" decoding=\"async\" src=\"https:\/\/migracao.redenoticia.com.br\/noticia\/imagens\/cara-e-coragem.jpg\" alt=\"\" width=\"1280\" height=\"720\" class=\"aligncenter size-full wp-image-220184\" srcset=\"https:\/\/migracao.redenoticia.com.br\/noticia\/imagens\/cara-e-coragem.jpg 1280w, https:\/\/migracao.redenoticia.com.br\/noticia\/imagens\/cara-e-coragem-250x140.jpg 250w, https:\/\/migracao.redenoticia.com.br\/noticia\/imagens\/cara-e-coragem-400x225.jpg 400w, https:\/\/migracao.redenoticia.com.br\/noticia\/imagens\/cara-e-coragem-768x432.jpg 768w, https:\/\/migracao.redenoticia.com.br\/noticia\/imagens\/cara-e-coragem-150x84.jpg 150w\" sizes=\"auto, (max-width: 1280px) 100vw, 1280px\" \/><\/p>\n<p><strong><em>Resumo da novela \u201cCara e Coragem\u201d<\/em><\/strong> em 05\/10: no cap\u00edtulo 111(*) da novela, Anita estranha quando Pat a questiona sobre a f\u00f3rmula. Hugo revela para Moa quem pediu para Bob viajar para o exterior. \u00cdsis teme que a gravidez atrapalhe seu relacionamento com Renan e seu futuro na dan\u00e7a. Hugo estranha o interesse de Moa por saber informa\u00e7\u00f5es sobre Bob e acredita que ele ainda pense em Andreia. Lou pensa em procurar Joca. Anita revela para Pat que Clarice teve um caso com Gustavo, pai de Rico.<\/p>\n<p>Bob se desespera quando Gustavo avisa que o apresentar\u00e1 para Lou. \u00cdtalo e Rico pensam em acionar Lou para descobrir mais sobre a viagem de Bob. Pat fala para Moa sobre o que Anita contou e eles analisam se devem ou n\u00e3o falar com Rico. Anita comenta com Dalva sobre as trocas que fazia com Clarice e como ela se passava pela empres\u00e1ria em eventos e festas. Andr\u00e9a questiona Moa sobre o interrogat\u00f3rio que ele fez com Hugo a respeito de seu relacionamento com Bob, e Pat fica furiosa. Lou conhece Bob Wright.<\/p>\n<p>(*) edi\u00e7\u00e3o das novelas da Globo, \u201cCara e Coragem\u201d, sujeito a altera\u00e7\u00e3o de data e conte\u00fado.<\/p>\n<p>Sinopse \u201cCara e Coragem\u201d: Os dubl\u00eas profissionais Pat e Moa ter\u00e3o seus caminhos tra\u00e7ados com o da empres\u00e1ria Clarice Gusm\u00e3o, diretora da Sider\u00fargica Gusm\u00e3o e inventora de uma f\u00f3rmula secreta milion\u00e1ria, que ser\u00e1 invejada por Leonardo, irm\u00e3o de Clarice, sua amante Regina, e Danilo, tamb\u00e9m empres\u00e1rio.<\/p>\n<p>Enquanto os dubl\u00eas se descobrir\u00e3o apaixonados um pelo outro, mesmo que eles n\u00e3o admitam, Clarice ter\u00e1 um caso com \u00cdtalo, um instrutor de parkur, al\u00e9m de outros segredos obscuros dentro da trama. Uma reviravolta em sua vida acontece ao descobrir a exist\u00eancia de Anita, uma s\u00f3sia sua, mas com uma personalidade totalmente oposta.<\/p>\n","protected":false},"excerpt":{"rendered":"<p>Resumo da novela \u201cCara e Coragem\u201d em 05\/10: no cap\u00edtulo 111(*) da novela, Anita estranha quando Pat a questiona sobre a f\u00f3rmula. Hugo revela para Moa quem pediu para Bob viajar para o exterior. \u00cdsis teme que a gravidez atrapalhe seu relacionamento com Renan e seu futuro na dan\u00e7a. Hugo estranha o interesse de Moa [&hellip;]<\/p>\n","protected":false},"author":2,"featured_media":220185,"comment_status":"closed","ping_status":"closed","sticky":false,"template":"","format":"standard","meta":{"tdm_status":"","tdm_grid_status":"","footnotes":""},"categories":[2281,379,375,2025,343],"tags":[441],"class_list":{"0":"post-224741","1":"post","2":"type-post","3":"status-publish","4":"format-standard","5":"has-post-thumbnail","7":"category-cara-e-coragem","8":"category-novelas","9":"category-rede-globo","10":"category-resumo","11":"category-televisao","12":"tag-resumo-do-dia"},"_links":{"self":[{"href":"https:\/\/migracao.redenoticia.com.br\/noticia\/wp-json\/wp\/v2\/posts\/224741","targetHints":{"allow":["GET"]}}],"collection":[{"href":"https:\/\/migracao.redenoticia.com.br\/noticia\/wp-json\/wp\/v2\/posts"}],"about":[{"href":"https:\/\/migracao.redenoticia.com.br\/noticia\/wp-json\/wp\/v2\/types\/post"}],"author":[{"embeddable":true,"href":"https:\/\/migracao.redenoticia.com.br\/noticia\/wp-json\/wp\/v2\/users\/2"}],"replies":[{"embeddable":true,"href":"https:\/\/migracao.redenoticia.com.br\/noticia\/wp-json\/wp\/v2\/comments?post=224741"}],"version-history":[{"count":0,"href":"https:\/\/migracao.redenoticia.com.br\/noticia\/wp-json\/wp\/v2\/posts\/224741\/revisions"}],"wp:featuredmedia":[{"embeddable":true,"href":"https:\/\/migracao.redenoticia.com.br\/noticia\/wp-json\/wp\/v2\/media\/220185"}],"wp:attachment":[{"href":"https:\/\/migracao.redenoticia.com.br\/noticia\/wp-json\/wp\/v2\/media?parent=224741"}],"wp:term":[{"taxonomy":"category","embeddable":true,"href":"https:\/\/migracao.redenoticia.com.br\/noticia\/wp-json\/wp\/v2\/categories?post=224741"},{"taxonomy":"post_tag","embeddable":true,"href":"https:\/\/migracao.redenoticia.com.br\/noticia\/wp-json\/wp\/v2\/tags?post=224741"}],"curies":[{"name":"wp","href":"https:\/\/api.w.org\/{rel}","templated":true}]}}