{"id":224834,"date":"2022-10-05T16:14:57","date_gmt":"2022-10-05T19:14:57","guid":{"rendered":"https:\/\/www.redenoticia.com.br\/noticia\/?p=224834"},"modified":"2022-10-06T18:35:19","modified_gmt":"2022-10-06T21:35:19","slug":"resumo-a-favorita-06-10-goncalo-ouve-conversa-dos-bandidos-dodi-flora-e-adailton","status":"publish","type":"post","link":"https:\/\/migracao.redenoticia.com.br\/noticia\/2022\/resumo-a-favorita-06-10-goncalo-ouve-conversa-dos-bandidos-dodi-flora-e-adailton\/224834","title":{"rendered":"Resumo &#8220;A Favorita&#8221; 06\/10: Gon\u00e7alo ouve conversa dos bandidos Dodi, Flora e Adailton"},"content":{"rendered":"<p> <img loading=\"lazy\" decoding=\"async\" src=\"https:\/\/migracao.redenoticia.com.br\/noticia\/imagens\/afavorita2.jpg\" alt=\"\" width=\"1280\" height=\"720\" class=\"aligncenter size-full wp-image-219854\" srcset=\"https:\/\/migracao.redenoticia.com.br\/noticia\/imagens\/afavorita2.jpg 1280w, https:\/\/migracao.redenoticia.com.br\/noticia\/imagens\/afavorita2-250x140.jpg 250w, https:\/\/migracao.redenoticia.com.br\/noticia\/imagens\/afavorita2-400x225.jpg 400w, https:\/\/migracao.redenoticia.com.br\/noticia\/imagens\/afavorita2-768x432.jpg 768w, https:\/\/migracao.redenoticia.com.br\/noticia\/imagens\/afavorita2-150x84.jpg 150w\" sizes=\"auto, (max-width: 1280px) 100vw, 1280px\" \/><\/p>\n<p><em><strong>Resumo da novela &#8220;A Favorita&#8221;<\/strong><\/em> em 06\/10: no cap\u00edtulo 104(*) da novela, Donatela, Z\u00e9 Bob e Halley convencem Cilene a contar tudo sobre Flora para Gon\u00e7alo. Gon\u00e7alo sente uma forte dor no peito, mas diz a Lara que os rem\u00e9dios n\u00e3o fazem mais efeito. Ele se recupera e diz que vai ao escrit\u00f3rio para uma reuni\u00e3o. Irene estranha a atitude do marido. Halley convence Gon\u00e7alo a ouvir Cilene e diz ao empres\u00e1rio que vai acompanh\u00e1-lo at\u00e9 o armaz\u00e9m para ver o encontro de Flora com Adailton. Halley cruza com Flora no escrit\u00f3rio e ela o amea\u00e7a. <\/p>\n<p>Shiva e Augusto C\u00e9sar est\u00e3o inconsol\u00e1veis por causa de Rosana, que procura Elias e diz que eles precisam se ajudar. Flora conta para Silveirinha que seguiu Gon\u00e7alo at\u00e9 o escrit\u00f3rio e desconfia de sua proximidade com Halley. Gon\u00e7alo ouve a hist\u00f3ria de Cilene, mas diz que precisa de provas concretas para acreditar. Silveirinha vai at\u00e9 a casa de Cilene e a amea\u00e7a, mas ela consegue se esquivar. Lara conta para Luciana que sempre foi apaixonada por Cassiano e que o que sentia por Halley era apenas atra\u00e7\u00e3o f\u00edsica. <\/p>\n<p>Cassiano comenta com Copola sobre o projeto de Flora para Triunfo e o av\u00f4 culpa Gon\u00e7alo pela destrui\u00e7\u00e3o do com\u00e9rcio local. Contrariando Leo, Catarina viaja com Stela. Shiva vai visitar Elias e encontra Rosana. Ele fica furioso e vai embora sem ver o pai. Dedina tenta convencer Dami\u00e3o a fugir da cidade com ela. Z\u00e9 Bob diz a Tuca que vai acompanhar Halley e Gon\u00e7alo na persegui\u00e7\u00e3o a Flora. Gon\u00e7alo, Halley e Z\u00e9 Bob chegam ao armaz\u00e9m e observam quando Dodi se junta a Flora para falar com Adailton. O bandido chantageia Flora e diz que vai contar sobre o sequestro de Lara. Gon\u00e7alo escuta tudo.<\/p>\n<p>(*) edi\u00e7\u00e3o das novelas da Globo, &#8220;A Favorita&#8221;, sujeito a altera\u00e7\u00e3o de data e conte\u00fado.<\/p>\n<p>Sinopse &#8220;A Favorita&#8221;: Donatela perdeu seus pais num acidente de carro e foi adotada pela fam\u00edlia de Flora, assim, as duas cresceram como irm\u00e3s. Elas sempre tiveram talento para o canto e chegaram a formar uma dupla sertaneja: Fa\u00edsca e Espoleta. As cantoras fizeram sucesso, mas sua carreira foi interrompida depois que conheceram os amigos Marcelo e Dodi. Donatela casou-se com Marcelo e Flora com Dodi, mas o casamento da primeira foi conturbado. O primeiro filho do casal desapareceu com seis meses de idade, e al\u00e9m disso, Flora teve um caso com o marido da melhor amiga, j\u00e1 separada de Dodi e dessa rela\u00e7\u00e3o nasceu Lara, o que a distanciou ainda mais de sua irm\u00e3 de cria\u00e7\u00e3o.<\/p>\n<p>No pior momento de disc\u00f3rdia entre as duas, Marcelo \u00e9 assassinado, e a culpa recai sobre Flora, que foi pega com a arma do crime, sendo sentenciada a dezoito anos de reclus\u00e3o, separando-se assim de sua filha, que \u00e9 adotada e criada por Donatela. Ao sair da pris\u00e3o, Flora quer provar sua inoc\u00eancia, com a ideia de que a verdadeira culpada foi sua ex-amiga. Donatela, por sua vez, faz de tudo para que Lara n\u00e3o se aproxime de sua m\u00e3e biol\u00f3gica, e a menina se torna o alvo da disputa entre as duas.<\/p>\n","protected":false},"excerpt":{"rendered":"<p>Resumo da novela &#8220;A Favorita&#8221; em 06\/10: no cap\u00edtulo 104(*) da novela, Donatela, Z\u00e9 Bob e Halley convencem Cilene a contar tudo sobre Flora para Gon\u00e7alo. Gon\u00e7alo sente uma forte dor no peito, mas diz a Lara que os rem\u00e9dios n\u00e3o fazem mais efeito. Ele se recupera e diz que vai ao escrit\u00f3rio para uma [&hellip;]<\/p>\n","protected":false},"author":2,"featured_media":219850,"comment_status":"closed","ping_status":"closed","sticky":false,"template":"","format":"standard","meta":{"tdm_status":"","tdm_grid_status":"","footnotes":""},"categories":[2278,379,375,2025,343],"tags":[441],"class_list":{"0":"post-224834","1":"post","2":"type-post","3":"status-publish","4":"format-standard","5":"has-post-thumbnail","7":"category-a-favorita","8":"category-novelas","9":"category-rede-globo","10":"category-resumo","11":"category-televisao","12":"tag-resumo-do-dia"},"_links":{"self":[{"href":"https:\/\/migracao.redenoticia.com.br\/noticia\/wp-json\/wp\/v2\/posts\/224834","targetHints":{"allow":["GET"]}}],"collection":[{"href":"https:\/\/migracao.redenoticia.com.br\/noticia\/wp-json\/wp\/v2\/posts"}],"about":[{"href":"https:\/\/migracao.redenoticia.com.br\/noticia\/wp-json\/wp\/v2\/types\/post"}],"author":[{"embeddable":true,"href":"https:\/\/migracao.redenoticia.com.br\/noticia\/wp-json\/wp\/v2\/users\/2"}],"replies":[{"embeddable":true,"href":"https:\/\/migracao.redenoticia.com.br\/noticia\/wp-json\/wp\/v2\/comments?post=224834"}],"version-history":[{"count":0,"href":"https:\/\/migracao.redenoticia.com.br\/noticia\/wp-json\/wp\/v2\/posts\/224834\/revisions"}],"wp:featuredmedia":[{"embeddable":true,"href":"https:\/\/migracao.redenoticia.com.br\/noticia\/wp-json\/wp\/v2\/media\/219850"}],"wp:attachment":[{"href":"https:\/\/migracao.redenoticia.com.br\/noticia\/wp-json\/wp\/v2\/media?parent=224834"}],"wp:term":[{"taxonomy":"category","embeddable":true,"href":"https:\/\/migracao.redenoticia.com.br\/noticia\/wp-json\/wp\/v2\/categories?post=224834"},{"taxonomy":"post_tag","embeddable":true,"href":"https:\/\/migracao.redenoticia.com.br\/noticia\/wp-json\/wp\/v2\/tags?post=224834"}],"curies":[{"name":"wp","href":"https:\/\/api.w.org\/{rel}","templated":true}]}}