{"id":224884,"date":"2022-10-06T17:24:37","date_gmt":"2022-10-06T20:24:37","guid":{"rendered":"https:\/\/www.redenoticia.com.br\/noticia\/?p=224884"},"modified":"2022-10-06T17:24:37","modified_gmt":"2022-10-06T20:24:37","slug":"resumo-cara-e-coragem-07-10-renan-fala-mal-de-isis-na-frente-de-lou-e-lucas","status":"publish","type":"post","link":"https:\/\/migracao.redenoticia.com.br\/noticia\/2022\/resumo-cara-e-coragem-07-10-renan-fala-mal-de-isis-na-frente-de-lou-e-lucas\/224884","title":{"rendered":"Resumo \u201cCara e Coragem\u201d 07\/10: Renan fala mal de \u00cdsis na frente de Lou e Lucas"},"content":{"rendered":"<p> <img loading=\"lazy\" decoding=\"async\" src=\"https:\/\/migracao.redenoticia.com.br\/noticia\/imagens\/cara-e-coragem.jpg\" alt=\"\" width=\"1280\" height=\"720\" class=\"aligncenter size-full wp-image-220184\" srcset=\"https:\/\/migracao.redenoticia.com.br\/noticia\/imagens\/cara-e-coragem.jpg 1280w, https:\/\/migracao.redenoticia.com.br\/noticia\/imagens\/cara-e-coragem-250x140.jpg 250w, https:\/\/migracao.redenoticia.com.br\/noticia\/imagens\/cara-e-coragem-400x225.jpg 400w, https:\/\/migracao.redenoticia.com.br\/noticia\/imagens\/cara-e-coragem-768x432.jpg 768w, https:\/\/migracao.redenoticia.com.br\/noticia\/imagens\/cara-e-coragem-150x84.jpg 150w\" sizes=\"auto, (max-width: 1280px) 100vw, 1280px\" \/><\/p>\n<p><strong><em>Resumo da novela \u201cCara e Coragem\u201d<\/em><\/strong> em 07\/10: no cap\u00edtulo 113(*) da novela, Rico teme que Lou se envolva novamente com Renan. Chiquinho convence Armandinho a deixar que Rebeca v\u00e1 almo\u00e7ar com eles. Renan tem um surto ao ver Lou e Rico juntos. Lou fala para Ol\u00edvia que elas precisam convencer Duarte a desistir de mentir para todos. Armandinho perde Rebeca e Chiquinho de vista e avisa a Moa, que sai com Pat \u00e0 procura do filho. <\/p>\n<p>Jonathan tenta falar com Margareth. Martha revela a Regina que pretende deixar a presid\u00eancia para Leonardo definitivamente e comenta sobre sua preocupa\u00e7\u00e3o com Jonathan. Leonardo pede que Jonathan se alie a ele e o amea\u00e7a.<\/p>\n<p>Renan fala mal de \u00cdsis na frente de Lou e Lucas. Ol\u00edvia questiona Andr\u00e9a sobre seu namoro com Bob. Gui e Alfredo percebem o clima entre Milton e Nadir. Joca se lamenta com Pat sobre sua separa\u00e7\u00e3o de Nadir. \u00cdtalo descobre que um dos motoristas da loja de noivas trabalhou para Gustavo na noite em que Clarice morreu. Teca v\u00ea Anita na loja de noivas com J\u00e9ssica e se espanta com a semelhan\u00e7a dela com Clarice.<\/p>\n<p>(*) edi\u00e7\u00e3o das novelas da Globo, \u201cCara e Coragem\u201d, sujeito a altera\u00e7\u00e3o de data e conte\u00fado.<\/p>\n<p>Sinopse \u201cCara e Coragem\u201d: Os dubl\u00eas profissionais Pat e Moa ter\u00e3o seus caminhos tra\u00e7ados com o da empres\u00e1ria Clarice Gusm\u00e3o, diretora da Sider\u00fargica Gusm\u00e3o e inventora de uma f\u00f3rmula secreta milion\u00e1ria, que ser\u00e1 invejada por Leonardo, irm\u00e3o de Clarice, sua amante Regina, e Danilo, tamb\u00e9m empres\u00e1rio.<\/p>\n<p>Enquanto os dubl\u00eas se descobrir\u00e3o apaixonados um pelo outro, mesmo que eles n\u00e3o admitam, Clarice ter\u00e1 um caso com \u00cdtalo, um instrutor de parkur, al\u00e9m de outros segredos obscuros dentro da trama. Uma reviravolta em sua vida acontece ao descobrir a exist\u00eancia de Anita, uma s\u00f3sia sua, mas com uma personalidade totalmente oposta.<\/p>\n","protected":false},"excerpt":{"rendered":"<p>Resumo da novela \u201cCara e Coragem\u201d em 07\/10: no cap\u00edtulo 113(*) da novela, Rico teme que Lou se envolva novamente com Renan. Chiquinho convence Armandinho a deixar que Rebeca v\u00e1 almo\u00e7ar com eles. Renan tem um surto ao ver Lou e Rico juntos. Lou fala para Ol\u00edvia que elas precisam convencer Duarte a desistir de [&hellip;]<\/p>\n","protected":false},"author":2,"featured_media":220185,"comment_status":"closed","ping_status":"closed","sticky":false,"template":"","format":"standard","meta":{"tdm_status":"","tdm_grid_status":"","footnotes":""},"categories":[2281,379,375,2025,343],"tags":[441],"class_list":{"0":"post-224884","1":"post","2":"type-post","3":"status-publish","4":"format-standard","5":"has-post-thumbnail","7":"category-cara-e-coragem","8":"category-novelas","9":"category-rede-globo","10":"category-resumo","11":"category-televisao","12":"tag-resumo-do-dia"},"_links":{"self":[{"href":"https:\/\/migracao.redenoticia.com.br\/noticia\/wp-json\/wp\/v2\/posts\/224884","targetHints":{"allow":["GET"]}}],"collection":[{"href":"https:\/\/migracao.redenoticia.com.br\/noticia\/wp-json\/wp\/v2\/posts"}],"about":[{"href":"https:\/\/migracao.redenoticia.com.br\/noticia\/wp-json\/wp\/v2\/types\/post"}],"author":[{"embeddable":true,"href":"https:\/\/migracao.redenoticia.com.br\/noticia\/wp-json\/wp\/v2\/users\/2"}],"replies":[{"embeddable":true,"href":"https:\/\/migracao.redenoticia.com.br\/noticia\/wp-json\/wp\/v2\/comments?post=224884"}],"version-history":[{"count":0,"href":"https:\/\/migracao.redenoticia.com.br\/noticia\/wp-json\/wp\/v2\/posts\/224884\/revisions"}],"wp:featuredmedia":[{"embeddable":true,"href":"https:\/\/migracao.redenoticia.com.br\/noticia\/wp-json\/wp\/v2\/media\/220185"}],"wp:attachment":[{"href":"https:\/\/migracao.redenoticia.com.br\/noticia\/wp-json\/wp\/v2\/media?parent=224884"}],"wp:term":[{"taxonomy":"category","embeddable":true,"href":"https:\/\/migracao.redenoticia.com.br\/noticia\/wp-json\/wp\/v2\/categories?post=224884"},{"taxonomy":"post_tag","embeddable":true,"href":"https:\/\/migracao.redenoticia.com.br\/noticia\/wp-json\/wp\/v2\/tags?post=224884"}],"curies":[{"name":"wp","href":"https:\/\/api.w.org\/{rel}","templated":true}]}}