{"id":224909,"date":"2022-10-07T18:13:09","date_gmt":"2022-10-07T21:13:09","guid":{"rendered":"https:\/\/www.redenoticia.com.br\/noticia\/?p=224909"},"modified":"2022-10-07T18:13:09","modified_gmt":"2022-10-07T21:13:09","slug":"resumo-cara-e-coragem-08-10-luana-repara-em-caio-leonardo-e-regina","status":"publish","type":"post","link":"https:\/\/migracao.redenoticia.com.br\/noticia\/2022\/resumo-cara-e-coragem-08-10-luana-repara-em-caio-leonardo-e-regina\/224909","title":{"rendered":"Resumo \u201cCara e Coragem\u201d 08\/10: Luana repara em Caio, Leonardo e Regina"},"content":{"rendered":"<p> <img loading=\"lazy\" decoding=\"async\" src=\"https:\/\/migracao.redenoticia.com.br\/noticia\/imagens\/cara-e-coragem.jpg\" alt=\"\" width=\"1280\" height=\"720\" class=\"aligncenter size-full wp-image-220184\" srcset=\"https:\/\/migracao.redenoticia.com.br\/noticia\/imagens\/cara-e-coragem.jpg 1280w, https:\/\/migracao.redenoticia.com.br\/noticia\/imagens\/cara-e-coragem-250x140.jpg 250w, https:\/\/migracao.redenoticia.com.br\/noticia\/imagens\/cara-e-coragem-400x225.jpg 400w, https:\/\/migracao.redenoticia.com.br\/noticia\/imagens\/cara-e-coragem-768x432.jpg 768w, https:\/\/migracao.redenoticia.com.br\/noticia\/imagens\/cara-e-coragem-150x84.jpg 150w\" sizes=\"auto, (max-width: 1280px) 100vw, 1280px\" \/><\/p>\n<p><strong><em>Resumo da novela \u201cCara e Coragem\u201d<\/em><\/strong> em 08\/10: no cap\u00edtulo 114(*) da novela, J\u00e9ssica apresenta Teca para Anita, que vai embora apressada. Robson marca um encontro de Edmilson, ex-motorista de Gustavo, e \u00cdtalo. Gustavo comenta com Danilo que teve um caso no passado. O m\u00e9dico se prepara para retirar Clarice do coma. Pat revela para Rico que Gustavo teve um caso com Clarice, e pede ajuda para descobrir o que aconteceu entre os dois. Ol\u00edvia comenta com Cleide que Lou n\u00e3o est\u00e1 reagindo bem \u00e0 gravidez de \u00cdsis, e ela entende que a bailarina esteja com ci\u00fames de Renan.<\/p>\n<p>Caio aparece na SG para sair com Martha, e Luana repara na troca de olhares entre ele, Leonardo e Regina. Paulo leva a intima\u00e7\u00e3o para Leonardo, que diz a Regina que n\u00e3o vai \u00e0 delegacia. Teca fala de Clarice para Dalva, que fica impressionada ao ver a empres\u00e1ria com o terninho laranja que Anita levou para seu brech\u00f3. \u00cdtalo descobre que Gustavo esteve com Clarice na noite em que ela morreu.<\/p>\n<p>(*) edi\u00e7\u00e3o das novelas da Globo, \u201cCara e Coragem\u201d, sujeito a altera\u00e7\u00e3o de data e conte\u00fado.<\/p>\n<p>Sinopse \u201cCara e Coragem\u201d: Os dubl\u00eas profissionais Pat e Moa ter\u00e3o seus caminhos tra\u00e7ados com o da empres\u00e1ria Clarice Gusm\u00e3o, diretora da Sider\u00fargica Gusm\u00e3o e inventora de uma f\u00f3rmula secreta milion\u00e1ria, que ser\u00e1 invejada por Leonardo, irm\u00e3o de Clarice, sua amante Regina, e Danilo, tamb\u00e9m empres\u00e1rio.<\/p>\n<p>Enquanto os dubl\u00eas se descobrir\u00e3o apaixonados um pelo outro, mesmo que eles n\u00e3o admitam, Clarice ter\u00e1 um caso com \u00cdtalo, um instrutor de parkur, al\u00e9m de outros segredos obscuros dentro da trama. Uma reviravolta em sua vida acontece ao descobrir a exist\u00eancia de Anita, uma s\u00f3sia sua, mas com uma personalidade totalmente oposta.<\/p>\n","protected":false},"excerpt":{"rendered":"<p>Resumo da novela \u201cCara e Coragem\u201d em 08\/10: no cap\u00edtulo 114(*) da novela, J\u00e9ssica apresenta Teca para Anita, que vai embora apressada. Robson marca um encontro de Edmilson, ex-motorista de Gustavo, e \u00cdtalo. Gustavo comenta com Danilo que teve um caso no passado. O m\u00e9dico se prepara para retirar Clarice do coma. Pat revela para [&hellip;]<\/p>\n","protected":false},"author":2,"featured_media":220185,"comment_status":"closed","ping_status":"closed","sticky":false,"template":"","format":"standard","meta":{"tdm_status":"","tdm_grid_status":"","footnotes":""},"categories":[2281,379,375,2025,343],"tags":[441],"class_list":{"0":"post-224909","1":"post","2":"type-post","3":"status-publish","4":"format-standard","5":"has-post-thumbnail","7":"category-cara-e-coragem","8":"category-novelas","9":"category-rede-globo","10":"category-resumo","11":"category-televisao","12":"tag-resumo-do-dia"},"_links":{"self":[{"href":"https:\/\/migracao.redenoticia.com.br\/noticia\/wp-json\/wp\/v2\/posts\/224909","targetHints":{"allow":["GET"]}}],"collection":[{"href":"https:\/\/migracao.redenoticia.com.br\/noticia\/wp-json\/wp\/v2\/posts"}],"about":[{"href":"https:\/\/migracao.redenoticia.com.br\/noticia\/wp-json\/wp\/v2\/types\/post"}],"author":[{"embeddable":true,"href":"https:\/\/migracao.redenoticia.com.br\/noticia\/wp-json\/wp\/v2\/users\/2"}],"replies":[{"embeddable":true,"href":"https:\/\/migracao.redenoticia.com.br\/noticia\/wp-json\/wp\/v2\/comments?post=224909"}],"version-history":[{"count":0,"href":"https:\/\/migracao.redenoticia.com.br\/noticia\/wp-json\/wp\/v2\/posts\/224909\/revisions"}],"wp:featuredmedia":[{"embeddable":true,"href":"https:\/\/migracao.redenoticia.com.br\/noticia\/wp-json\/wp\/v2\/media\/220185"}],"wp:attachment":[{"href":"https:\/\/migracao.redenoticia.com.br\/noticia\/wp-json\/wp\/v2\/media?parent=224909"}],"wp:term":[{"taxonomy":"category","embeddable":true,"href":"https:\/\/migracao.redenoticia.com.br\/noticia\/wp-json\/wp\/v2\/categories?post=224909"},{"taxonomy":"post_tag","embeddable":true,"href":"https:\/\/migracao.redenoticia.com.br\/noticia\/wp-json\/wp\/v2\/tags?post=224909"}],"curies":[{"name":"wp","href":"https:\/\/api.w.org\/{rel}","templated":true}]}}