{"id":225005,"date":"2022-10-10T12:53:25","date_gmt":"2022-10-10T15:53:25","guid":{"rendered":"https:\/\/www.redenoticia.com.br\/noticia\/?p=225005"},"modified":"2022-10-10T12:53:25","modified_gmt":"2022-10-10T15:53:25","slug":"resumo-a-desalmada-11-10-carmelo-confessa-ao-filho-que-foi-o-matador-de-otavio","status":"publish","type":"post","link":"https:\/\/migracao.redenoticia.com.br\/noticia\/2022\/resumo-a-desalmada-11-10-carmelo-confessa-ao-filho-que-foi-o-matador-de-otavio\/225005","title":{"rendered":"Resumo \u201cA Desalmada\u201d 11\/10: Carmelo confessa ao filho que foi o matador de Ot\u00e1vio"},"content":{"rendered":"<p> <img loading=\"lazy\" decoding=\"async\" src=\"https:\/\/migracao.redenoticia.com.br\/noticia\/imagens\/a-desalmada-elenco-1.jpg\" alt=\"\" width=\"1280\" height=\"720\" class=\"aligncenter size-full wp-image-221431\" srcset=\"https:\/\/migracao.redenoticia.com.br\/noticia\/imagens\/a-desalmada-elenco-1.jpg 1280w, https:\/\/migracao.redenoticia.com.br\/noticia\/imagens\/a-desalmada-elenco-1-250x140.jpg 250w, https:\/\/migracao.redenoticia.com.br\/noticia\/imagens\/a-desalmada-elenco-1-400x225.jpg 400w, https:\/\/migracao.redenoticia.com.br\/noticia\/imagens\/a-desalmada-elenco-1-768x432.jpg 768w, https:\/\/migracao.redenoticia.com.br\/noticia\/imagens\/a-desalmada-elenco-1-150x84.jpg 150w\" sizes=\"auto, (max-width: 1280px) 100vw, 1280px\" \/><\/p>\n<p><strong><em>Resumo da novela \u201cA Desalmada\u201d<\/em><\/strong> em 11\/10: no cap\u00edtulo 070(*) da novela, Roberto diz a David que ele est\u00e1 sendo imaturo e deveria pensar como foi dif\u00edcil a vida de Clara. Fernanda continua discutindo com Rafael por causa de Clara e decide passar a noite no Rancho Novo Amanhecer. Martina, J\u00falia e outras mulheres v\u00e3o at\u00e9 a casa de Flor e exigem que as autoridades fechem a casa de toler\u00e2ncia. <\/p>\n<p>Flor diz \u00e0s mulheres que seus maridos sempre foram seus clientes. Rafael, mais uma vez sente ci\u00fames de C\u00e9sar, e discute com Fernanda. David diz para a m\u00e3e que est\u00e1 no prost\u00edbulo para ouvir as reivindica\u00e7\u00f5es das mulheres que trabalham l\u00e1.<\/p>\n<p>Roberto e Isidoro est\u00e3o com tudo planejado para roubar o gado de Ot\u00e1vio. David diz a Clara que embora esteja ouvindo as prostitutas, n\u00e3o vai perdo\u00e1-la por ter mentido. Roberto prop\u00f5e a Isabela que fujam juntos, mas ela se nega e diz que precisa de muito luxo para viver. Revoltado, Roberto conta para Rafael que ele e Isabela s\u00e3o amantes e que ele \u00e9 o pai do filho que ela est\u00e1 esperando. Rafael d\u00e1 um soco no amigo e os dois come\u00e7am uma luta corporal. Carmelo se despede de Let\u00edcia e diz que ela \u00e9 a \u00fanica pessoa que lhe desperta bons sentimentos. <\/p>\n<p>Carmelo confessa ao filho que foi o matador de Ot\u00e1vio. Roberto entrega a Isidoro um frasco com o s\u00eamen dos melhores reprodutores e a documenta\u00e7\u00e3o certificando a proced\u00eancia. Roberto conta ao pai que assim que anoitecer vai roubar o gado de Ot\u00e1vio Toscano. Um pe\u00e3o flagra a a\u00e7\u00e3o e avisa o patr\u00e3o. Ot\u00e1vio e Rafael, armados, chamam mais pe\u00f5es para irem atr\u00e1s dos ladr\u00f5es. Ot\u00e1vio dispara e atinge Roberto.<\/p>\n<p>(*) edi\u00e7\u00e3o das novelas do SBT, \u201cA Desalmada\u201d, sujeito a altera\u00e7\u00e3o de data e conte\u00fado.<\/p>\n<p>Sinopse \u201cA Desalmada\u201d: Fernanda Linares (Livia Brito), uma mulher sedenta de vingan\u00e7a ap\u00f3s o assassinato de seu marido na noite de n\u00fapcias. No entanto, a vida de Fernanda muda quando ela conhece Rafael Toscano (Jos\u00e9 Ron), um belo jovem que acaba de se formar na universidade, com quem ela tem empatia e devolve a Fernanda a oportunidade de voltar a amar.<\/p>\n<p>\u00c9 protagonizada por Livia Brito e Jos\u00e9 Ron; antagonizada por Eduardo Santamarina, Marjorie de Sousa, Azela Robinson, Alberto Estrella, Kimberly Dos Ramos e Francisco Gattorno; tem atua\u00e7\u00f5es estelares de Marlene Favela, Sergio Basa\u00f1ez, Gonzalo Garc\u00eda Vivanco, Ver\u00f3nica Jaspeado, Laura Carmine e Alejandra Garc\u00eda, Daniel Elbittar e a primeira atriz Ana Mart\u00edn.<\/p>\n","protected":false},"excerpt":{"rendered":"<p>Resumo da novela \u201cA Desalmada\u201d em 11\/10: no cap\u00edtulo 070(*) da novela, Roberto diz a David que ele est\u00e1 sendo imaturo e deveria pensar como foi dif\u00edcil a vida de Clara. Fernanda continua discutindo com Rafael por causa de Clara e decide passar a noite no Rancho Novo Amanhecer. Martina, J\u00falia e outras mulheres v\u00e3o [&hellip;]<\/p>\n","protected":false},"author":2,"featured_media":221430,"comment_status":"closed","ping_status":"closed","sticky":false,"template":"","format":"standard","meta":{"tdm_status":"","tdm_grid_status":"","footnotes":""},"categories":[2286,379,2025,372,343],"tags":[441],"class_list":{"0":"post-225005","1":"post","2":"type-post","3":"status-publish","4":"format-standard","5":"has-post-thumbnail","7":"category-a-desalmada","8":"category-novelas","9":"category-resumo","10":"category-sbt","11":"category-televisao","12":"tag-resumo-do-dia"},"_links":{"self":[{"href":"https:\/\/migracao.redenoticia.com.br\/noticia\/wp-json\/wp\/v2\/posts\/225005","targetHints":{"allow":["GET"]}}],"collection":[{"href":"https:\/\/migracao.redenoticia.com.br\/noticia\/wp-json\/wp\/v2\/posts"}],"about":[{"href":"https:\/\/migracao.redenoticia.com.br\/noticia\/wp-json\/wp\/v2\/types\/post"}],"author":[{"embeddable":true,"href":"https:\/\/migracao.redenoticia.com.br\/noticia\/wp-json\/wp\/v2\/users\/2"}],"replies":[{"embeddable":true,"href":"https:\/\/migracao.redenoticia.com.br\/noticia\/wp-json\/wp\/v2\/comments?post=225005"}],"version-history":[{"count":0,"href":"https:\/\/migracao.redenoticia.com.br\/noticia\/wp-json\/wp\/v2\/posts\/225005\/revisions"}],"wp:featuredmedia":[{"embeddable":true,"href":"https:\/\/migracao.redenoticia.com.br\/noticia\/wp-json\/wp\/v2\/media\/221430"}],"wp:attachment":[{"href":"https:\/\/migracao.redenoticia.com.br\/noticia\/wp-json\/wp\/v2\/media?parent=225005"}],"wp:term":[{"taxonomy":"category","embeddable":true,"href":"https:\/\/migracao.redenoticia.com.br\/noticia\/wp-json\/wp\/v2\/categories?post=225005"},{"taxonomy":"post_tag","embeddable":true,"href":"https:\/\/migracao.redenoticia.com.br\/noticia\/wp-json\/wp\/v2\/tags?post=225005"}],"curies":[{"name":"wp","href":"https:\/\/api.w.org\/{rel}","templated":true}]}}