{"id":2251,"date":"2009-06-02T19:20:47","date_gmt":"2009-06-02T23:20:47","guid":{"rendered":"http:\/\/www.redenoticia.com.br\/noticia\/?p=2251"},"modified":"2009-06-02T19:02:49","modified_gmt":"2009-06-02T23:02:49","slug":"morador-de-ji-parana-que-sujar-via-publica-vai-ser-multado","status":"publish","type":"post","link":"https:\/\/migracao.redenoticia.com.br\/noticia\/2009\/morador-de-ji-parana-que-sujar-via-publica-vai-ser-multado\/2251","title":{"rendered":"Morador de Ji-Paran\u00e1 que sujar via p\u00fablica vai ser multado"},"content":{"rendered":"<p class=\"MsoNormal\"><span style=\"font-size: 11pt; font-family: Arial;\">A pedido do Secret\u00e1rio de Obras de Ji-Paran\u00e1 (RO), Assis Canuto, ser\u00e1 formada uma equipe de fiscaliza\u00e7\u00e3o para notificar moradores que jogam \u00e1gua servida e galhos em vias p\u00fablicas. <\/span><\/p>\n<p class=\"MsoNormal\"><span style=\"font-size: 11pt; font-family: Arial;\">Esta decis\u00e3o foi tomada depois do in\u00edcio do programa \u201cFaz Tudo\u201d, que atua na limpeza e recupera\u00e7\u00e3o das cal\u00e7adas e meio fios das ruas e avenidas pavimentadas. <\/span><\/p>\n<p class=\"MsoNormal\"><span style=\"font-size: 11pt; font-family: Arial;\">Canuto acionou as secretarias de Meio Ambiente e Sa\u00fade para trabalhar em conjunto na fiscaliza\u00e7\u00e3o. <\/span><\/p>\n<p class=\"MsoNormal\"><span style=\"font-size: 11pt; font-family: Arial;\">Funcion\u00e1rios dessas secretarias e da SEMOSP iniciam a notifica\u00e7\u00e3o dos infratores ainda esta semana.<\/span><\/p>\n","protected":false},"excerpt":{"rendered":"<p>A pedido do Secret\u00e1rio de Obras de Ji-Paran\u00e1 (RO), Assis Canuto, ser\u00e1 formada uma equipe de fiscaliza\u00e7\u00e3o para notificar moradores que jogam \u00e1gua servida e galhos em vias p\u00fablicas. Esta decis\u00e3o foi tomada depois do in\u00edcio do programa \u201cFaz Tudo\u201d, que atua na limpeza e recupera\u00e7\u00e3o das cal\u00e7adas e meio fios das ruas e avenidas [&hellip;]<\/p>\n","protected":false},"author":3,"featured_media":0,"comment_status":"open","ping_status":"open","sticky":false,"template":"","format":"standard","meta":{"tdm_status":"","tdm_grid_status":"","footnotes":""},"categories":[22],"tags":[],"class_list":{"0":"post-2251","1":"post","2":"type-post","3":"status-publish","4":"format-standard","6":"category-brasil"},"_links":{"self":[{"href":"https:\/\/migracao.redenoticia.com.br\/noticia\/wp-json\/wp\/v2\/posts\/2251","targetHints":{"allow":["GET"]}}],"collection":[{"href":"https:\/\/migracao.redenoticia.com.br\/noticia\/wp-json\/wp\/v2\/posts"}],"about":[{"href":"https:\/\/migracao.redenoticia.com.br\/noticia\/wp-json\/wp\/v2\/types\/post"}],"author":[{"embeddable":true,"href":"https:\/\/migracao.redenoticia.com.br\/noticia\/wp-json\/wp\/v2\/users\/3"}],"replies":[{"embeddable":true,"href":"https:\/\/migracao.redenoticia.com.br\/noticia\/wp-json\/wp\/v2\/comments?post=2251"}],"version-history":[{"count":0,"href":"https:\/\/migracao.redenoticia.com.br\/noticia\/wp-json\/wp\/v2\/posts\/2251\/revisions"}],"wp:attachment":[{"href":"https:\/\/migracao.redenoticia.com.br\/noticia\/wp-json\/wp\/v2\/media?parent=2251"}],"wp:term":[{"taxonomy":"category","embeddable":true,"href":"https:\/\/migracao.redenoticia.com.br\/noticia\/wp-json\/wp\/v2\/categories?post=2251"},{"taxonomy":"post_tag","embeddable":true,"href":"https:\/\/migracao.redenoticia.com.br\/noticia\/wp-json\/wp\/v2\/tags?post=2251"}],"curies":[{"name":"wp","href":"https:\/\/api.w.org\/{rel}","templated":true}]}}