{"id":225107,"date":"2022-10-13T16:37:51","date_gmt":"2022-10-13T19:37:51","guid":{"rendered":"https:\/\/www.redenoticia.com.br\/noticia\/?p=225107"},"modified":"2022-10-13T16:37:51","modified_gmt":"2022-10-13T19:37:51","slug":"resumo-a-desalmada-14-10-otavio-sente-um-formigamento-no-braco","status":"publish","type":"post","link":"https:\/\/migracao.redenoticia.com.br\/noticia\/2022\/resumo-a-desalmada-14-10-otavio-sente-um-formigamento-no-braco\/225107","title":{"rendered":"Resumo \u201cA Desalmada\u201d 14\/10: Ot\u00e1vio sente um formigamento no bra\u00e7o"},"content":{"rendered":"<p> <img loading=\"lazy\" decoding=\"async\" src=\"https:\/\/migracao.redenoticia.com.br\/noticia\/imagens\/a-desalmada-elenco-1.jpg\" alt=\"\" width=\"1280\" height=\"720\" class=\"aligncenter size-full wp-image-221431\" srcset=\"https:\/\/migracao.redenoticia.com.br\/noticia\/imagens\/a-desalmada-elenco-1.jpg 1280w, https:\/\/migracao.redenoticia.com.br\/noticia\/imagens\/a-desalmada-elenco-1-250x140.jpg 250w, https:\/\/migracao.redenoticia.com.br\/noticia\/imagens\/a-desalmada-elenco-1-400x225.jpg 400w, https:\/\/migracao.redenoticia.com.br\/noticia\/imagens\/a-desalmada-elenco-1-768x432.jpg 768w, https:\/\/migracao.redenoticia.com.br\/noticia\/imagens\/a-desalmada-elenco-1-150x84.jpg 150w\" sizes=\"auto, (max-width: 1280px) 100vw, 1280px\" \/><\/p>\n<p><strong><em>Resumo da novela \u201cA Desalmada\u201d<\/em><\/strong> em 14\/10: no cap\u00edtulo 073(*) da novela, Ot\u00e1vio culpa German por ter perdido a elei\u00e7\u00e3o. Rafael diz ao pai que entregou para a pol\u00edcia a arma de um dos ladr\u00f5es para que analisem as impress\u00f5es digitais. Ot\u00e1vio diz a Rafael que pretende impugnar o resultado das elei\u00e7\u00f5es. <\/p>\n<p>C\u00e9sar diz a Fernanda que ele mesmo se vingar\u00e1 de Ot\u00e1vio e talvez de Rafael. Por causa de C\u00e9sar, agora Fernanda tem pressa em encontrar provas contra Ot\u00e1vio na cabana. \u00c2ngela visita Carmelo para lhe dar os p\u00easames.<\/p>\n<p>Rafael diz ao pai que tamb\u00e9m roubaram o s\u00eamen, os embri\u00f5es e os certificados. Ot\u00e1vio sente um formigamento no bra\u00e7o. Ot\u00e1vio pro\u00edbe os empregados de irem ao enterro de Roberto. Let\u00edcia convence o marido a n\u00e3o expulsar Carmelo da fazenda. C\u00e9sar acredita que Flor sabe quem roubou o gado. Ot\u00e1vio volta a sentir formigamento no bra\u00e7o. J\u00falia diz a Isabela que o melhor que pode acontecer \u00e9 que ela perca seu filho. <\/p>\n<p>Rafael convence German a continuar na empacotadora. Sandra espia C\u00e9sar e ouve quando ele diz que quer que Ot\u00e1vio perca toda sua fortuna, sua reputa\u00e7\u00e3o e sua tranquilidade. Joana descobre que foi Sandra que espalhou o segredo de Clara e disse a Ot\u00e1vio sobre os planos de David para despoluir o rio. David ofende Clara e leva uma bofetada. Joana expulsa Sandra do Novo Amanhecer. Sandra diz a Ot\u00e1vio que Fernanda o odeia. <\/p>\n<p>(*) edi\u00e7\u00e3o das novelas do SBT, \u201cA Desalmada\u201d, sujeito a altera\u00e7\u00e3o de data e conte\u00fado.<\/p>\n<p>Sinopse \u201cA Desalmada\u201d: Fernanda Linares (Livia Brito), uma mulher sedenta de vingan\u00e7a ap\u00f3s o assassinato de seu marido na noite de n\u00fapcias. No entanto, a vida de Fernanda muda quando ela conhece Rafael Toscano (Jos\u00e9 Ron), um belo jovem que acaba de se formar na universidade, com quem ela tem empatia e devolve a Fernanda a oportunidade de voltar a amar.<\/p>\n<p>\u00c9 protagonizada por Livia Brito e Jos\u00e9 Ron; antagonizada por Eduardo Santamarina, Marjorie de Sousa, Azela Robinson, Alberto Estrella, Kimberly Dos Ramos e Francisco Gattorno; tem atua\u00e7\u00f5es estelares de Marlene Favela, Sergio Basa\u00f1ez, Gonzalo Garc\u00eda Vivanco, Ver\u00f3nica Jaspeado, Laura Carmine e Alejandra Garc\u00eda, Daniel Elbittar e a primeira atriz Ana Mart\u00edn.<\/p>\n","protected":false},"excerpt":{"rendered":"<p>Resumo da novela \u201cA Desalmada\u201d em 14\/10: no cap\u00edtulo 073(*) da novela, Ot\u00e1vio culpa German por ter perdido a elei\u00e7\u00e3o. Rafael diz ao pai que entregou para a pol\u00edcia a arma de um dos ladr\u00f5es para que analisem as impress\u00f5es digitais. Ot\u00e1vio diz a Rafael que pretende impugnar o resultado das elei\u00e7\u00f5es. C\u00e9sar diz a [&hellip;]<\/p>\n","protected":false},"author":2,"featured_media":221430,"comment_status":"closed","ping_status":"closed","sticky":false,"template":"","format":"standard","meta":{"tdm_status":"","tdm_grid_status":"","footnotes":""},"categories":[2286,379,2025,372,343],"tags":[441],"class_list":{"0":"post-225107","1":"post","2":"type-post","3":"status-publish","4":"format-standard","5":"has-post-thumbnail","7":"category-a-desalmada","8":"category-novelas","9":"category-resumo","10":"category-sbt","11":"category-televisao","12":"tag-resumo-do-dia"},"_links":{"self":[{"href":"https:\/\/migracao.redenoticia.com.br\/noticia\/wp-json\/wp\/v2\/posts\/225107","targetHints":{"allow":["GET"]}}],"collection":[{"href":"https:\/\/migracao.redenoticia.com.br\/noticia\/wp-json\/wp\/v2\/posts"}],"about":[{"href":"https:\/\/migracao.redenoticia.com.br\/noticia\/wp-json\/wp\/v2\/types\/post"}],"author":[{"embeddable":true,"href":"https:\/\/migracao.redenoticia.com.br\/noticia\/wp-json\/wp\/v2\/users\/2"}],"replies":[{"embeddable":true,"href":"https:\/\/migracao.redenoticia.com.br\/noticia\/wp-json\/wp\/v2\/comments?post=225107"}],"version-history":[{"count":0,"href":"https:\/\/migracao.redenoticia.com.br\/noticia\/wp-json\/wp\/v2\/posts\/225107\/revisions"}],"wp:featuredmedia":[{"embeddable":true,"href":"https:\/\/migracao.redenoticia.com.br\/noticia\/wp-json\/wp\/v2\/media\/221430"}],"wp:attachment":[{"href":"https:\/\/migracao.redenoticia.com.br\/noticia\/wp-json\/wp\/v2\/media?parent=225107"}],"wp:term":[{"taxonomy":"category","embeddable":true,"href":"https:\/\/migracao.redenoticia.com.br\/noticia\/wp-json\/wp\/v2\/categories?post=225107"},{"taxonomy":"post_tag","embeddable":true,"href":"https:\/\/migracao.redenoticia.com.br\/noticia\/wp-json\/wp\/v2\/tags?post=225107"}],"curies":[{"name":"wp","href":"https:\/\/api.w.org\/{rel}","templated":true}]}}