{"id":225164,"date":"2022-10-16T16:04:53","date_gmt":"2022-10-16T19:04:53","guid":{"rendered":"https:\/\/www.redenoticia.com.br\/noticia\/?p=225164"},"modified":"2022-10-16T16:06:56","modified_gmt":"2022-10-16T19:06:56","slug":"resumo-a-favorita-17-10-silveirinha-e-flora-desconfiam-de-que-lara","status":"publish","type":"post","link":"https:\/\/migracao.redenoticia.com.br\/noticia\/2022\/resumo-a-favorita-17-10-silveirinha-e-flora-desconfiam-de-que-lara\/225164","title":{"rendered":"Resumo &#8220;A Favorita&#8221; 17\/10: Lara acusa Silverinha de ser c\u00famplice de Flora"},"content":{"rendered":"<p> <img loading=\"lazy\" decoding=\"async\" src=\"https:\/\/migracao.redenoticia.com.br\/noticia\/imagens\/afavorita2.jpg\" alt=\"\" width=\"1280\" height=\"720\" class=\"aligncenter size-full wp-image-219854\" srcset=\"https:\/\/migracao.redenoticia.com.br\/noticia\/imagens\/afavorita2.jpg 1280w, https:\/\/migracao.redenoticia.com.br\/noticia\/imagens\/afavorita2-250x140.jpg 250w, https:\/\/migracao.redenoticia.com.br\/noticia\/imagens\/afavorita2-400x225.jpg 400w, https:\/\/migracao.redenoticia.com.br\/noticia\/imagens\/afavorita2-768x432.jpg 768w, https:\/\/migracao.redenoticia.com.br\/noticia\/imagens\/afavorita2-150x84.jpg 150w\" sizes=\"auto, (max-width: 1280px) 100vw, 1280px\" \/><\/p>\n<p><em><strong>Resumo da novela &#8220;A Favorita&#8221;<\/strong><\/em> em 17\/10: no cap\u00edtulo 111(*) da novela, Lara confronta Flora, mas recua quando percebe a tens\u00e3o da vil\u00e3. Silveirinha e Flora desconfiam de que Lara j\u00e1 sabe de toda a verdade. Donatela diz a Halley que s\u00f3 Lara poder\u00e1 impedir que Flora leve adiante a fus\u00e3o do Grupo Fontini. Lara comenta com Cassiano que est\u00e1 assustada com Flora. Flora convence o presidente da WPaper a depositar quinhentos milh\u00f5es de d\u00f3lares em sua conta pessoal para fundir as duas empresas. Halley fica desapontado quando v\u00ea que Norton est\u00e1 convencido sobre a fus\u00e3o e tenta falar com Lara, mas n\u00e3o consegue. <\/p>\n<p>Sabi\u00e1 leva Dodi e Manu at\u00e9 Emilinha para conseguir os passaportes falsos e confirma para Dodi que apenas ele ir\u00e1 viajar. Cida e Juca voltam para Triunfo de casamento marcado e ele retoma seu trabalho com Vanderlei. Dedina invade a casa de Elias e implora para voltar, mas ele a manda embora. Augusto destr\u00f3i suas lembran\u00e7as de Rosana e diz para Shiva que se culpa por n\u00e3o ter cuidado melhor do filho. Catarina mostra a casa nova para a fam\u00edlia. Lorena convida Cida e Juca para ficarem em sua casa at\u00e9 que tenham um lugar para morar. <\/p>\n<p>Alicia se convence de que Romildo est\u00e1 mudado e decide visit\u00e1-lo na cadeia. Dami\u00e3o se desespera quando Arlete revela que Romildo \u00e9 seu pai. Diva diz a Elias que passar\u00e1 uma temporada no s\u00edtio de Augusto para ajud\u00e1-lo a curar sua depress\u00e3o. Ele se incomoda e Shiva desconfia de que o pai est\u00e1 sem envolvendo com Diva. Halley alerta Lara sobre as m\u00e1s inten\u00e7\u00f5es de Flora com rela\u00e7\u00e3o \u00e0 fus\u00e3o e Lara se desespera. Lara procura Donatela e pede ajuda para a m\u00e3e. Silveirinha segue Lara e conta seus passos para Flora. Lara flagra Silveirinha e o confronta. <\/p>\n<p>Lara volta ao local do sequestro!<br \/>\nLara acusa Silverinha de ser c\u00famplice de Flora e faz amea\u00e7as ao mordomo. Z\u00e9 Bob avisa a Donatela que surgiu uma nova informa\u00e7\u00e3o que pode ajud\u00e1-los a reunir mais provas contra Flora. Lara conta a Cassiano que Flora est\u00e1 vigiando seus passos. Flora fica furiosa com Silverinha ao saber que Lara descobriu que ele a seguia a mando dela. Silverinha sente-se humilhado durante a discuss\u00e3o e mente quando Flora o pergunta se Lara demonstrou saber de algo sobre ela. <\/p>\n<p>Dodi diz a Sabi\u00e1 que est\u00e1 desconfiado de Emilinha. Sabi\u00e1 tenta tranquiliz\u00e1-lo e o revela que Emilinha conseguiu uma mochila id\u00eantica a dele como parte do plano para enganar Manu. Arlete diz a Greice que Dami\u00e3o ter\u00e1 que conviver com o fato de ser filho de Romildo e admite que o pol\u00edtico sempre foi o amor de sua vida. Greice enfrenta Dedina quando a v\u00ea assediando Dami\u00e3o. Romildo diz a Alicia que despertou para uma nova vida por causa da filha e revela que \u00e9 pai de Dami\u00e3o. Rita se choca ao saber que Dulce est\u00e1 usando a mans\u00e3o de Romildo para ganhar dinheiro. Orlandinho se desespera ao ser flagrado ao lado C\u00e9u por sua av\u00f3 Geralda. Diva tenta se aproximar de Augusto. <\/p>\n<p>Copola convida Irene para a festa que est\u00e1 organizando para levantar fundos para a reforma da casa de Catarina. Donatela revela a Lara que Z\u00e9 Bob encontrou o dono da casa em que ela ficou presa durante o sequestro. Lara se dirige ao cativeiro com Donatela, Cassiano, Halley e Z\u00e9 Bob e se choca ao confirmar que Flora foi a respons\u00e1vel por seu sequestro. Flora incentiva Irene a ir \u00e0 festa de Copola e avisa a Silverinha que falta pouco para concretizar a fus\u00e3o da Fontini com a empresa americana. Emilinha cuida para que Dodi e Manu viajem disfar\u00e7ados. Copola se entusiasma quando Irene chega para a festa. Vanderlei se declara para Catarina. Stela e Leo observam sem serem percebidos. Lara n\u00e3o consegue controlar sua f\u00faria e revela a Flora que j\u00e1 sabe de toda a verdade.<\/p>\n<p>(*) edi\u00e7\u00e3o das novelas da Globo, &#8220;A Favorita&#8221;, sujeito a altera\u00e7\u00e3o de data e conte\u00fado.<\/p>\n<p>Sinopse &#8220;A Favorita&#8221;: Donatela perdeu seus pais num acidente de carro e foi adotada pela fam\u00edlia de Flora, assim, as duas cresceram como irm\u00e3s. Elas sempre tiveram talento para o canto e chegaram a formar uma dupla sertaneja: Fa\u00edsca e Espoleta. As cantoras fizeram sucesso, mas sua carreira foi interrompida depois que conheceram os amigos Marcelo e Dodi. Donatela casou-se com Marcelo e Flora com Dodi, mas o casamento da primeira foi conturbado. O primeiro filho do casal desapareceu com seis meses de idade, e al\u00e9m disso, Flora teve um caso com o marido da melhor amiga, j\u00e1 separada de Dodi e dessa rela\u00e7\u00e3o nasceu Lara, o que a distanciou ainda mais de sua irm\u00e3 de cria\u00e7\u00e3o.<\/p>\n<p>No pior momento de disc\u00f3rdia entre as duas, Marcelo \u00e9 assassinado, e a culpa recai sobre Flora, que foi pega com a arma do crime, sendo sentenciada a dezoito anos de reclus\u00e3o, separando-se assim de sua filha, que \u00e9 adotada e criada por Donatela. Ao sair da pris\u00e3o, Flora quer provar sua inoc\u00eancia, com a ideia de que a verdadeira culpada foi sua ex-amiga. Donatela, por sua vez, faz de tudo para que Lara n\u00e3o se aproxime de sua m\u00e3e biol\u00f3gica, e a menina se torna o alvo da disputa entre as duas.<\/p>\n","protected":false},"excerpt":{"rendered":"<p>Resumo da novela &#8220;A Favorita&#8221; em 17\/10: no cap\u00edtulo 111(*) da novela, Lara confronta Flora, mas recua quando percebe a tens\u00e3o da vil\u00e3. Silveirinha e Flora desconfiam de que Lara j\u00e1 sabe de toda a verdade. Donatela diz a Halley que s\u00f3 Lara poder\u00e1 impedir que Flora leve adiante a fus\u00e3o do Grupo Fontini. Lara [&hellip;]<\/p>\n","protected":false},"author":3,"featured_media":219850,"comment_status":"closed","ping_status":"closed","sticky":false,"template":"","format":"standard","meta":{"tdm_status":"","tdm_grid_status":"","footnotes":""},"categories":[2278,379,375,2025,343],"tags":[441],"class_list":{"0":"post-225164","1":"post","2":"type-post","3":"status-publish","4":"format-standard","5":"has-post-thumbnail","7":"category-a-favorita","8":"category-novelas","9":"category-rede-globo","10":"category-resumo","11":"category-televisao","12":"tag-resumo-do-dia"},"_links":{"self":[{"href":"https:\/\/migracao.redenoticia.com.br\/noticia\/wp-json\/wp\/v2\/posts\/225164","targetHints":{"allow":["GET"]}}],"collection":[{"href":"https:\/\/migracao.redenoticia.com.br\/noticia\/wp-json\/wp\/v2\/posts"}],"about":[{"href":"https:\/\/migracao.redenoticia.com.br\/noticia\/wp-json\/wp\/v2\/types\/post"}],"author":[{"embeddable":true,"href":"https:\/\/migracao.redenoticia.com.br\/noticia\/wp-json\/wp\/v2\/users\/3"}],"replies":[{"embeddable":true,"href":"https:\/\/migracao.redenoticia.com.br\/noticia\/wp-json\/wp\/v2\/comments?post=225164"}],"version-history":[{"count":0,"href":"https:\/\/migracao.redenoticia.com.br\/noticia\/wp-json\/wp\/v2\/posts\/225164\/revisions"}],"wp:featuredmedia":[{"embeddable":true,"href":"https:\/\/migracao.redenoticia.com.br\/noticia\/wp-json\/wp\/v2\/media\/219850"}],"wp:attachment":[{"href":"https:\/\/migracao.redenoticia.com.br\/noticia\/wp-json\/wp\/v2\/media?parent=225164"}],"wp:term":[{"taxonomy":"category","embeddable":true,"href":"https:\/\/migracao.redenoticia.com.br\/noticia\/wp-json\/wp\/v2\/categories?post=225164"},{"taxonomy":"post_tag","embeddable":true,"href":"https:\/\/migracao.redenoticia.com.br\/noticia\/wp-json\/wp\/v2\/tags?post=225164"}],"curies":[{"name":"wp","href":"https:\/\/api.w.org\/{rel}","templated":true}]}}