{"id":225193,"date":"2022-10-16T16:03:15","date_gmt":"2022-10-16T19:03:15","guid":{"rendered":"https:\/\/www.redenoticia.com.br\/noticia\/?p=225193"},"modified":"2022-10-16T16:06:43","modified_gmt":"2022-10-16T19:06:43","slug":"resumo-a-desalmada-17-10-otavio-sente-dor-no-braco-esquerdo","status":"publish","type":"post","link":"https:\/\/migracao.redenoticia.com.br\/noticia\/2022\/resumo-a-desalmada-17-10-otavio-sente-dor-no-braco-esquerdo\/225193","title":{"rendered":"Resumo \u201cA Desalmada\u201d 17\/10: Ot\u00e1vio mant\u00e9m a farsa de querer colaborar com David"},"content":{"rendered":"<p><img loading=\"lazy\" decoding=\"async\" src=\"https:\/\/migracao.redenoticia.com.br\/noticia\/imagens\/a-desalmada-elenco-1.jpg\" alt=\"\" width=\"1280\" height=\"720\" class=\"aligncenter size-full wp-image-221431\" srcset=\"https:\/\/migracao.redenoticia.com.br\/noticia\/imagens\/a-desalmada-elenco-1.jpg 1280w, https:\/\/migracao.redenoticia.com.br\/noticia\/imagens\/a-desalmada-elenco-1-250x140.jpg 250w, https:\/\/migracao.redenoticia.com.br\/noticia\/imagens\/a-desalmada-elenco-1-400x225.jpg 400w, https:\/\/migracao.redenoticia.com.br\/noticia\/imagens\/a-desalmada-elenco-1-768x432.jpg 768w, https:\/\/migracao.redenoticia.com.br\/noticia\/imagens\/a-desalmada-elenco-1-150x84.jpg 150w\" sizes=\"auto, (max-width: 1280px) 100vw, 1280px\" \/><\/p>\n<p><strong><em>Resumo da novela \u201cA Desalmada\u201d<\/em><\/strong> em 17\/10: no cap\u00edtulo 074(*) da novela, Sandra tamb\u00e9m diz a Ot\u00e1vio que Joana ficou sabendo quem contou a ele sobre o passado de Clara e a despolui\u00e7\u00e3o do rio. Ot\u00e1vio mant\u00e9m a farsa de querer colaborar com David. <\/p>\n<p>Sandra deixa o rancho Novo Amanhecer. Brenda insinua para Ot\u00e1vio que est\u00e1 indo embora da Fazenda por que sente afeto por Rafael. Ot\u00e1vio continua sentindo dor no bra\u00e7o esquerdo.<\/p>\n<p>(*) edi\u00e7\u00e3o das novelas do SBT, \u201cA Desalmada\u201d, sujeito a altera\u00e7\u00e3o de data e conte\u00fado.<\/p>\n<p>Sinopse \u201cA Desalmada\u201d: Fernanda Linares (Livia Brito), uma mulher sedenta de vingan\u00e7a ap\u00f3s o assassinato de seu marido na noite de n\u00fapcias. No entanto, a vida de Fernanda muda quando ela conhece Rafael Toscano (Jos\u00e9 Ron), um belo jovem que acaba de se formar na universidade, com quem ela tem empatia e devolve a Fernanda a oportunidade de voltar a amar.<\/p>\n<p>\u00c9 protagonizada por Livia Brito e Jos\u00e9 Ron; antagonizada por Eduardo Santamarina, Marjorie de Sousa, Azela Robinson, Alberto Estrella, Kimberly Dos Ramos e Francisco Gattorno; tem atua\u00e7\u00f5es estelares de Marlene Favela, Sergio Basa\u00f1ez, Gonzalo Garc\u00eda Vivanco, Ver\u00f3nica Jaspeado, Laura Carmine e Alejandra Garc\u00eda, Daniel Elbittar e a primeira atriz Ana Mart\u00edn.<\/p>\n","protected":false},"excerpt":{"rendered":"<p>Resumo da novela \u201cA Desalmada\u201d em 17\/10: no cap\u00edtulo 074(*) da novela, Sandra tamb\u00e9m diz a Ot\u00e1vio que Joana ficou sabendo quem contou a ele sobre o passado de Clara e a despolui\u00e7\u00e3o do rio. Ot\u00e1vio mant\u00e9m a farsa de querer colaborar com David. Sandra deixa o rancho Novo Amanhecer. Brenda insinua para Ot\u00e1vio que [&hellip;]<\/p>\n","protected":false},"author":4,"featured_media":221430,"comment_status":"closed","ping_status":"closed","sticky":false,"template":"","format":"standard","meta":{"tdm_status":"","tdm_grid_status":"","footnotes":""},"categories":[2286,379,2025,372,343],"tags":[441],"class_list":{"0":"post-225193","1":"post","2":"type-post","3":"status-publish","4":"format-standard","5":"has-post-thumbnail","7":"category-a-desalmada","8":"category-novelas","9":"category-resumo","10":"category-sbt","11":"category-televisao","12":"tag-resumo-do-dia"},"_links":{"self":[{"href":"https:\/\/migracao.redenoticia.com.br\/noticia\/wp-json\/wp\/v2\/posts\/225193","targetHints":{"allow":["GET"]}}],"collection":[{"href":"https:\/\/migracao.redenoticia.com.br\/noticia\/wp-json\/wp\/v2\/posts"}],"about":[{"href":"https:\/\/migracao.redenoticia.com.br\/noticia\/wp-json\/wp\/v2\/types\/post"}],"author":[{"embeddable":true,"href":"https:\/\/migracao.redenoticia.com.br\/noticia\/wp-json\/wp\/v2\/users\/4"}],"replies":[{"embeddable":true,"href":"https:\/\/migracao.redenoticia.com.br\/noticia\/wp-json\/wp\/v2\/comments?post=225193"}],"version-history":[{"count":0,"href":"https:\/\/migracao.redenoticia.com.br\/noticia\/wp-json\/wp\/v2\/posts\/225193\/revisions"}],"wp:featuredmedia":[{"embeddable":true,"href":"https:\/\/migracao.redenoticia.com.br\/noticia\/wp-json\/wp\/v2\/media\/221430"}],"wp:attachment":[{"href":"https:\/\/migracao.redenoticia.com.br\/noticia\/wp-json\/wp\/v2\/media?parent=225193"}],"wp:term":[{"taxonomy":"category","embeddable":true,"href":"https:\/\/migracao.redenoticia.com.br\/noticia\/wp-json\/wp\/v2\/categories?post=225193"},{"taxonomy":"post_tag","embeddable":true,"href":"https:\/\/migracao.redenoticia.com.br\/noticia\/wp-json\/wp\/v2\/tags?post=225193"}],"curies":[{"name":"wp","href":"https:\/\/api.w.org\/{rel}","templated":true}]}}