{"id":2252,"date":"2009-06-02T19:06:12","date_gmt":"2009-06-02T23:06:12","guid":{"rendered":"http:\/\/www.redenoticia.com.br\/noticia\/?p=2252"},"modified":"2009-06-02T19:03:13","modified_gmt":"2009-06-02T23:03:13","slug":"segunda-fase-do-campeonato-estadual-de-karate-sera-em-ji-parana","status":"publish","type":"post","link":"https:\/\/migracao.redenoticia.com.br\/noticia\/2009\/segunda-fase-do-campeonato-estadual-de-karate-sera-em-ji-parana\/2252","title":{"rendered":"Segunda fase do campeonato estadual de karat\u00ea ser\u00e1 em Ji-Paran\u00e1"},"content":{"rendered":"<p class=\"MsoNormal\" style=\"background: white none repeat scroll 0%; text-align: justify; -moz-background-clip: -moz-initial; -moz-background-origin: -moz-initial; -moz-background-inline-policy: -moz-initial;\"><span style=\"font-size: 11pt; font-family: Arial; color: #333333;\">A segunda fase do Campeonato Karat\u00ea Interestilos de Rond\u00f4nia ser\u00e1 disputado neste final de semana (6 e 7 de junho) em Ji-Paran\u00e1.<\/span><\/p>\n<p class=\"MsoNormal\" style=\"background: white none repeat scroll 0%; text-align: justify; -moz-background-clip: -moz-initial; -moz-background-origin: -moz-initial; -moz-background-inline-policy: -moz-initial;\"><span style=\"font-size: 11pt; font-family: Arial; color: #333333;\">O evento ser\u00e1 realizado sob a organiza\u00e7\u00e3o da academia Impacto, no gin\u00e1sio Ad\u00e3o Lamota. Marcio Rog\u00e9rio Grosso, coordenador do evento, espera mais de 300 atletas de todo o Estado.<br \/>\n<\/span><\/p>\n<p class=\"MsoNormal\" style=\"background: white none repeat scroll 0%; text-align: justify; -moz-background-clip: -moz-initial; -moz-background-origin: -moz-initial; -moz-background-inline-policy: -moz-initial;\"><span style=\"font-size: 11pt; font-family: Arial; color: #333333;\"> Haver\u00e1 premia\u00e7\u00e3o, medalhas, trof\u00e9us personalizados e, para as categorias absolutos feminino e masculino, um kit dos Kimonos Shiroi &#8211; Kimono micro-fibra e acess\u00f3rios.<\/span><\/p>\n<p class=\"MsoNormal\" style=\"background: white none repeat scroll 0%; text-align: justify; -moz-background-clip: -moz-initial; -moz-background-origin: -moz-initial; -moz-background-inline-policy: -moz-initial;\"><span style=\"font-size: 11pt; font-family: Arial; color: #333333;\">A equipe Impacto Unimed re\u00fane atletas de alt\u00edssimo n\u00edvel e espera ganhar disputas em diversas categorias. <\/span><\/p>\n<p class=\"MsoNormal\" style=\"background: white none repeat scroll 0%; text-align: justify; -moz-background-clip: -moz-initial; -moz-background-origin: -moz-initial; -moz-background-inline-policy: -moz-initial;\"><span style=\"font-size: 11pt; font-family: Arial; color: #333333;\">No s\u00e1bado, o campeonato come\u00e7a \u00e0 partir das 13h30 com as categorias de Kata. \u00c0s 19h30 acontecer\u00e1 a abertura oficial do evento, com o desfile das delega\u00e7\u00f5es, v\u00e1rias apresenta\u00e7\u00f5es e lutas. No domingo dia 7, as disputas come\u00e7am a partir das 8 horas.<\/span><\/p>\n<p class=\"MsoNormal\"><span style=\"font-size: 11pt; font-family: Arial;\"> <\/span><\/p>\n","protected":false},"excerpt":{"rendered":"<p>A segunda fase do Campeonato Karat\u00ea Interestilos de Rond\u00f4nia ser\u00e1 disputado neste final de semana (6 e 7 de junho) em Ji-Paran\u00e1. O evento ser\u00e1 realizado sob a organiza\u00e7\u00e3o da academia Impacto, no gin\u00e1sio Ad\u00e3o Lamota. Marcio Rog\u00e9rio Grosso, coordenador do evento, espera mais de 300 atletas de todo o Estado. Haver\u00e1 premia\u00e7\u00e3o, medalhas, trof\u00e9us [&hellip;]<\/p>\n","protected":false},"author":3,"featured_media":0,"comment_status":"open","ping_status":"open","sticky":false,"template":"","format":"standard","meta":{"tdm_status":"","tdm_grid_status":"","footnotes":""},"categories":[22],"tags":[],"class_list":{"0":"post-2252","1":"post","2":"type-post","3":"status-publish","4":"format-standard","6":"category-brasil"},"_links":{"self":[{"href":"https:\/\/migracao.redenoticia.com.br\/noticia\/wp-json\/wp\/v2\/posts\/2252","targetHints":{"allow":["GET"]}}],"collection":[{"href":"https:\/\/migracao.redenoticia.com.br\/noticia\/wp-json\/wp\/v2\/posts"}],"about":[{"href":"https:\/\/migracao.redenoticia.com.br\/noticia\/wp-json\/wp\/v2\/types\/post"}],"author":[{"embeddable":true,"href":"https:\/\/migracao.redenoticia.com.br\/noticia\/wp-json\/wp\/v2\/users\/3"}],"replies":[{"embeddable":true,"href":"https:\/\/migracao.redenoticia.com.br\/noticia\/wp-json\/wp\/v2\/comments?post=2252"}],"version-history":[{"count":0,"href":"https:\/\/migracao.redenoticia.com.br\/noticia\/wp-json\/wp\/v2\/posts\/2252\/revisions"}],"wp:attachment":[{"href":"https:\/\/migracao.redenoticia.com.br\/noticia\/wp-json\/wp\/v2\/media?parent=2252"}],"wp:term":[{"taxonomy":"category","embeddable":true,"href":"https:\/\/migracao.redenoticia.com.br\/noticia\/wp-json\/wp\/v2\/categories?post=2252"},{"taxonomy":"post_tag","embeddable":true,"href":"https:\/\/migracao.redenoticia.com.br\/noticia\/wp-json\/wp\/v2\/tags?post=2252"}],"curies":[{"name":"wp","href":"https:\/\/api.w.org\/{rel}","templated":true}]}}