{"id":225203,"date":"2022-10-15T17:08:18","date_gmt":"2022-10-15T20:08:18","guid":{"rendered":"https:\/\/www.redenoticia.com.br\/noticia\/?p=225203"},"modified":"2022-10-15T17:08:18","modified_gmt":"2022-10-15T20:08:18","slug":"resumo-cara-e-coragem-17-10-clarice-acorda-do-coma","status":"publish","type":"post","link":"https:\/\/migracao.redenoticia.com.br\/noticia\/2022\/resumo-cara-e-coragem-17-10-clarice-acorda-do-coma\/225203","title":{"rendered":"Resumo \u201cCara e Coragem\u201d 17\/10: Clarice acorda do coma"},"content":{"rendered":"<p> <img loading=\"lazy\" decoding=\"async\" src=\"https:\/\/migracao.redenoticia.com.br\/noticia\/imagens\/cara-e-coragem.jpg\" alt=\"\" width=\"1280\" height=\"720\" class=\"aligncenter size-full wp-image-220184\" srcset=\"https:\/\/migracao.redenoticia.com.br\/noticia\/imagens\/cara-e-coragem.jpg 1280w, https:\/\/migracao.redenoticia.com.br\/noticia\/imagens\/cara-e-coragem-250x140.jpg 250w, https:\/\/migracao.redenoticia.com.br\/noticia\/imagens\/cara-e-coragem-400x225.jpg 400w, https:\/\/migracao.redenoticia.com.br\/noticia\/imagens\/cara-e-coragem-768x432.jpg 768w, https:\/\/migracao.redenoticia.com.br\/noticia\/imagens\/cara-e-coragem-150x84.jpg 150w\" sizes=\"auto, (max-width: 1280px) 100vw, 1280px\" \/><\/p>\n<p><strong><em>Resumo da novela \u201cCara e Coragem\u201d<\/em><\/strong> em 17\/10: no cap\u00edtulo 121(*) da novela, Anita conta para \u00cdtalo que Regina mandou ela se vestir como Clarice e que, por causa disso, quase foi morta naquela noite. Pat e Moa chegam \u00e0 casa de Alfredo, e Soss\u00f4 j\u00e1 est\u00e1 melhor. Milton questiona Nadir sobre seus sentimentos por Joca. Andr\u00e9a se revolta ao ver Bob sozinho na plateia do teatro. Enzo observa Bob de longe e o reconhece. Anita diz a \u00cdtalo que teme que a pol\u00edcia descubra o seu envolvimento no caso de Clarice. Andr\u00e9a termina seu romance com Bob. Soss\u00f4 fica feliz de ver Pat com Moa e Alfredo com Ol\u00edvia.<\/p>\n<p>Enzo e Hugo se beijam. Luana fica animada com o telefonema que recebe do m\u00e9dico de Clarice. Gustavo \u00e9 preso, e Danilo decide arrumar provas para incrimin\u00e1-lo pela morte de Clarice. Lou repreende Joca por se insinuar para Teca. Rico avisa \u00e0 m\u00e3e da pris\u00e3o de Gustavo. Danilo contrata Berimbau e acerta com ele o plano contra Gustavo. Paulo descobre que n\u00e3o houve registro do resgate de Clarice, e Marcela fica intrigada. Clarice acorda do coma, e Luana se emociona.<\/p>\n<p>(*) edi\u00e7\u00e3o das novelas da Globo, \u201cCara e Coragem\u201d, sujeito a altera\u00e7\u00e3o de data e conte\u00fado.<\/p>\n<p>Sinopse \u201cCara e Coragem\u201d: Os dubl\u00eas profissionais Pat e Moa ter\u00e3o seus caminhos tra\u00e7ados com o da empres\u00e1ria Clarice Gusm\u00e3o, diretora da Sider\u00fargica Gusm\u00e3o e inventora de uma f\u00f3rmula secreta milion\u00e1ria, que ser\u00e1 invejada por Leonardo, irm\u00e3o de Clarice, sua amante Regina, e Danilo, tamb\u00e9m empres\u00e1rio.<\/p>\n<p>Enquanto os dubl\u00eas se descobrir\u00e3o apaixonados um pelo outro, mesmo que eles n\u00e3o admitam, Clarice ter\u00e1 um caso com \u00cdtalo, um instrutor de parkur, al\u00e9m de outros segredos obscuros dentro da trama. Uma reviravolta em sua vida acontece ao descobrir a exist\u00eancia de Anita, uma s\u00f3sia sua, mas com uma personalidade totalmente oposta.<\/p>\n","protected":false},"excerpt":{"rendered":"<p>Resumo da novela \u201cCara e Coragem\u201d em 17\/10: no cap\u00edtulo 121(*) da novela, Anita conta para \u00cdtalo que Regina mandou ela se vestir como Clarice e que, por causa disso, quase foi morta naquela noite. Pat e Moa chegam \u00e0 casa de Alfredo, e Soss\u00f4 j\u00e1 est\u00e1 melhor. Milton questiona Nadir sobre seus sentimentos por [&hellip;]<\/p>\n","protected":false},"author":2,"featured_media":220185,"comment_status":"closed","ping_status":"closed","sticky":false,"template":"","format":"standard","meta":{"tdm_status":"","tdm_grid_status":"","footnotes":""},"categories":[2281,379,375,2025,343],"tags":[441],"class_list":{"0":"post-225203","1":"post","2":"type-post","3":"status-publish","4":"format-standard","5":"has-post-thumbnail","7":"category-cara-e-coragem","8":"category-novelas","9":"category-rede-globo","10":"category-resumo","11":"category-televisao","12":"tag-resumo-do-dia"},"_links":{"self":[{"href":"https:\/\/migracao.redenoticia.com.br\/noticia\/wp-json\/wp\/v2\/posts\/225203","targetHints":{"allow":["GET"]}}],"collection":[{"href":"https:\/\/migracao.redenoticia.com.br\/noticia\/wp-json\/wp\/v2\/posts"}],"about":[{"href":"https:\/\/migracao.redenoticia.com.br\/noticia\/wp-json\/wp\/v2\/types\/post"}],"author":[{"embeddable":true,"href":"https:\/\/migracao.redenoticia.com.br\/noticia\/wp-json\/wp\/v2\/users\/2"}],"replies":[{"embeddable":true,"href":"https:\/\/migracao.redenoticia.com.br\/noticia\/wp-json\/wp\/v2\/comments?post=225203"}],"version-history":[{"count":0,"href":"https:\/\/migracao.redenoticia.com.br\/noticia\/wp-json\/wp\/v2\/posts\/225203\/revisions"}],"wp:featuredmedia":[{"embeddable":true,"href":"https:\/\/migracao.redenoticia.com.br\/noticia\/wp-json\/wp\/v2\/media\/220185"}],"wp:attachment":[{"href":"https:\/\/migracao.redenoticia.com.br\/noticia\/wp-json\/wp\/v2\/media?parent=225203"}],"wp:term":[{"taxonomy":"category","embeddable":true,"href":"https:\/\/migracao.redenoticia.com.br\/noticia\/wp-json\/wp\/v2\/categories?post=225203"},{"taxonomy":"post_tag","embeddable":true,"href":"https:\/\/migracao.redenoticia.com.br\/noticia\/wp-json\/wp\/v2\/tags?post=225203"}],"curies":[{"name":"wp","href":"https:\/\/api.w.org\/{rel}","templated":true}]}}