{"id":225257,"date":"2022-10-17T18:11:43","date_gmt":"2022-10-17T21:11:43","guid":{"rendered":"https:\/\/www.redenoticia.com.br\/noticia\/?p=225257"},"modified":"2022-10-17T18:11:43","modified_gmt":"2022-10-17T21:11:43","slug":"resumo-cara-e-coragem-18-10-jonathan-se-emociona-ao-ver-clarice-viva","status":"publish","type":"post","link":"https:\/\/migracao.redenoticia.com.br\/noticia\/2022\/resumo-cara-e-coragem-18-10-jonathan-se-emociona-ao-ver-clarice-viva\/225257","title":{"rendered":"Resumo \u201cCara e Coragem\u201d 18\/10: Jonathan se emociona ao ver Clarice viva"},"content":{"rendered":"<p> <img loading=\"lazy\" decoding=\"async\" src=\"https:\/\/migracao.redenoticia.com.br\/noticia\/imagens\/cara-e-coragem.jpg\" alt=\"\" width=\"1280\" height=\"720\" class=\"aligncenter size-full wp-image-220184\" srcset=\"https:\/\/migracao.redenoticia.com.br\/noticia\/imagens\/cara-e-coragem.jpg 1280w, https:\/\/migracao.redenoticia.com.br\/noticia\/imagens\/cara-e-coragem-250x140.jpg 250w, https:\/\/migracao.redenoticia.com.br\/noticia\/imagens\/cara-e-coragem-400x225.jpg 400w, https:\/\/migracao.redenoticia.com.br\/noticia\/imagens\/cara-e-coragem-768x432.jpg 768w, https:\/\/migracao.redenoticia.com.br\/noticia\/imagens\/cara-e-coragem-150x84.jpg 150w\" sizes=\"auto, (max-width: 1280px) 100vw, 1280px\" \/><\/p>\n<p><strong><em>Resumo da novela \u201cCara e Coragem\u201d<\/em><\/strong> em 18\/10: no cap\u00edtulo 122(*) da novela, Luana abre um envelope com instru\u00e7\u00f5es de Clarice. Marcela e Paulo tentam encontrar alguma evid\u00eancia sobre a ocorr\u00eancia na lagoa. Danilo entrega para Berimbau o celular e a carteira de Clarice. Moa percebe o olhar estranho de um dos funcion\u00e1rios da padaria de Milton e comenta com Pat. Seguindo as instru\u00e7\u00f5es de Clarice, Luana entrega para Jonathan o endere\u00e7o do local onde ela est\u00e1 e avisa que ele precisa ir at\u00e9 l\u00e1. Moa e Kak\u00e1 v\u00e3o com Armandinho gravar um comercial com Andr\u00e9a Pratini.<\/p>\n<p>Enzo fala com Duarte sobre o incidente no teatro e ele tenta fingir que n\u00e3o \u00e9 Bob. Renan v\u00ea \u00cdsis entrar na sala e trata J\u00e9ssica com gentileza. Marcela pro\u00edbe Jarbas de acompanhar a equipe policial. Rebeca conversa com C\u00e9lia antes de pegar o resultado do exame de DNA. Dagmar vai \u00e0 SG e avisa a Regina da volta de Martha. Martha fala com dona Lia que foi v\u00edtima de um golpista e fala sobre sua decep\u00e7\u00e3o com Caio. Pat se encontra com Lou e outra dubl\u00ea no set de filmagem onde Moa e Kak\u00e1 Bezerra est\u00e3o. Marcela e Paulo prendem Berimbau e encontram os pertences de Clarice. Jonathan se emociona ao ver Clarice viva.<\/p>\n<p>(*) edi\u00e7\u00e3o das novelas da Globo, \u201cCara e Coragem\u201d, sujeito a altera\u00e7\u00e3o de data e conte\u00fado.<\/p>\n<p>Sinopse \u201cCara e Coragem\u201d: Os dubl\u00eas profissionais Pat e Moa ter\u00e3o seus caminhos tra\u00e7ados com o da empres\u00e1ria Clarice Gusm\u00e3o, diretora da Sider\u00fargica Gusm\u00e3o e inventora de uma f\u00f3rmula secreta milion\u00e1ria, que ser\u00e1 invejada por Leonardo, irm\u00e3o de Clarice, sua amante Regina, e Danilo, tamb\u00e9m empres\u00e1rio.<\/p>\n<p>Enquanto os dubl\u00eas se descobrir\u00e3o apaixonados um pelo outro, mesmo que eles n\u00e3o admitam, Clarice ter\u00e1 um caso com \u00cdtalo, um instrutor de parkur, al\u00e9m de outros segredos obscuros dentro da trama. Uma reviravolta em sua vida acontece ao descobrir a exist\u00eancia de Anita, uma s\u00f3sia sua, mas com uma personalidade totalmente oposta.<\/p>\n","protected":false},"excerpt":{"rendered":"<p>Resumo da novela \u201cCara e Coragem\u201d em 18\/10: no cap\u00edtulo 122(*) da novela, Luana abre um envelope com instru\u00e7\u00f5es de Clarice. Marcela e Paulo tentam encontrar alguma evid\u00eancia sobre a ocorr\u00eancia na lagoa. Danilo entrega para Berimbau o celular e a carteira de Clarice. Moa percebe o olhar estranho de um dos funcion\u00e1rios da padaria [&hellip;]<\/p>\n","protected":false},"author":2,"featured_media":220185,"comment_status":"closed","ping_status":"closed","sticky":false,"template":"","format":"standard","meta":{"tdm_status":"","tdm_grid_status":"","footnotes":""},"categories":[2281,379,375,2025,343],"tags":[441],"class_list":{"0":"post-225257","1":"post","2":"type-post","3":"status-publish","4":"format-standard","5":"has-post-thumbnail","7":"category-cara-e-coragem","8":"category-novelas","9":"category-rede-globo","10":"category-resumo","11":"category-televisao","12":"tag-resumo-do-dia"},"_links":{"self":[{"href":"https:\/\/migracao.redenoticia.com.br\/noticia\/wp-json\/wp\/v2\/posts\/225257","targetHints":{"allow":["GET"]}}],"collection":[{"href":"https:\/\/migracao.redenoticia.com.br\/noticia\/wp-json\/wp\/v2\/posts"}],"about":[{"href":"https:\/\/migracao.redenoticia.com.br\/noticia\/wp-json\/wp\/v2\/types\/post"}],"author":[{"embeddable":true,"href":"https:\/\/migracao.redenoticia.com.br\/noticia\/wp-json\/wp\/v2\/users\/2"}],"replies":[{"embeddable":true,"href":"https:\/\/migracao.redenoticia.com.br\/noticia\/wp-json\/wp\/v2\/comments?post=225257"}],"version-history":[{"count":0,"href":"https:\/\/migracao.redenoticia.com.br\/noticia\/wp-json\/wp\/v2\/posts\/225257\/revisions"}],"wp:featuredmedia":[{"embeddable":true,"href":"https:\/\/migracao.redenoticia.com.br\/noticia\/wp-json\/wp\/v2\/media\/220185"}],"wp:attachment":[{"href":"https:\/\/migracao.redenoticia.com.br\/noticia\/wp-json\/wp\/v2\/media?parent=225257"}],"wp:term":[{"taxonomy":"category","embeddable":true,"href":"https:\/\/migracao.redenoticia.com.br\/noticia\/wp-json\/wp\/v2\/categories?post=225257"},{"taxonomy":"post_tag","embeddable":true,"href":"https:\/\/migracao.redenoticia.com.br\/noticia\/wp-json\/wp\/v2\/tags?post=225257"}],"curies":[{"name":"wp","href":"https:\/\/api.w.org\/{rel}","templated":true}]}}