{"id":225298,"date":"2022-10-18T15:34:15","date_gmt":"2022-10-18T18:34:15","guid":{"rendered":"https:\/\/www.redenoticia.com.br\/noticia\/?p=225298"},"modified":"2022-10-18T15:34:15","modified_gmt":"2022-10-18T18:34:15","slug":"resumo-cara-e-coragem-19-10-milton-causa-uma-explosao-na-padaria","status":"publish","type":"post","link":"https:\/\/migracao.redenoticia.com.br\/noticia\/2022\/resumo-cara-e-coragem-19-10-milton-causa-uma-explosao-na-padaria\/225298","title":{"rendered":"Resumo \u201cCara e Coragem\u201d 19\/10: Milton causa uma explos\u00e3o na padaria"},"content":{"rendered":"<p> <img loading=\"lazy\" decoding=\"async\" src=\"https:\/\/migracao.redenoticia.com.br\/noticia\/imagens\/cara-e-coragem.jpg\" alt=\"\" width=\"1280\" height=\"720\" class=\"aligncenter size-full wp-image-220184\" srcset=\"https:\/\/migracao.redenoticia.com.br\/noticia\/imagens\/cara-e-coragem.jpg 1280w, https:\/\/migracao.redenoticia.com.br\/noticia\/imagens\/cara-e-coragem-250x140.jpg 250w, https:\/\/migracao.redenoticia.com.br\/noticia\/imagens\/cara-e-coragem-400x225.jpg 400w, https:\/\/migracao.redenoticia.com.br\/noticia\/imagens\/cara-e-coragem-768x432.jpg 768w, https:\/\/migracao.redenoticia.com.br\/noticia\/imagens\/cara-e-coragem-150x84.jpg 150w\" sizes=\"auto, (max-width: 1280px) 100vw, 1280px\" \/><\/p>\n<p><strong><em>Resumo da novela \u201cCara e Coragem\u201d<\/em><\/strong> em 19\/10: no cap\u00edtulo 123(*) da novela, Jonathan e Clarice se emocionam com o reencontro. Ela explica para Jonathan como fez para forjar sua pr\u00f3pria morte. Paulo encontra um cart\u00e3o de Gustavo no envelope com os pertences de Clarice que apreendeu na casa de Berimbau. Andr\u00e9a tem uma ideia para Hugo n\u00e3o dispensar Moa e Kak\u00e1 Bezerra do comercial. Enzo pensa em Hugo e Ol\u00edvia o consola. Berimbau acusa Gustavo de ser o mandante da morte de Clarice. Jarbas revela para Pat e Moa o que descobriu sobre o caso de Clarice.<\/p>\n<p>Duarte pede para Ol\u00edvia falar para Enzo para manter a identidade de Bob em segredo. Leonardo oferece um alto cargo na SG para Danilo. Moa v\u00ea o funcion\u00e1rio de Milton conversando com um homem mau encarado, e comenta sobre sua desconfian\u00e7a com o pai. Clarice avisa a Jonathan que acertar\u00e1 as contas com as pessoas que estavam amea\u00e7ando sua vida. Nadir e o pai de Moa ficam na padaria para organizar as contas. Milton liga o disjuntor desatentamente e acaba causando uma explos\u00e3o na padaria.<\/p>\n<p>(*) edi\u00e7\u00e3o das novelas da Globo, \u201cCara e Coragem\u201d, sujeito a altera\u00e7\u00e3o de data e conte\u00fado.<\/p>\n<p>Sinopse \u201cCara e Coragem\u201d: Os dubl\u00eas profissionais Pat e Moa ter\u00e3o seus caminhos tra\u00e7ados com o da empres\u00e1ria Clarice Gusm\u00e3o, diretora da Sider\u00fargica Gusm\u00e3o e inventora de uma f\u00f3rmula secreta milion\u00e1ria, que ser\u00e1 invejada por Leonardo, irm\u00e3o de Clarice, sua amante Regina, e Danilo, tamb\u00e9m empres\u00e1rio.<\/p>\n<p>Enquanto os dubl\u00eas se descobrir\u00e3o apaixonados um pelo outro, mesmo que eles n\u00e3o admitam, Clarice ter\u00e1 um caso com \u00cdtalo, um instrutor de parkur, al\u00e9m de outros segredos obscuros dentro da trama. Uma reviravolta em sua vida acontece ao descobrir a exist\u00eancia de Anita, uma s\u00f3sia sua, mas com uma personalidade totalmente oposta.<\/p>\n","protected":false},"excerpt":{"rendered":"<p>Resumo da novela \u201cCara e Coragem\u201d em 19\/10: no cap\u00edtulo 123(*) da novela, Jonathan e Clarice se emocionam com o reencontro. Ela explica para Jonathan como fez para forjar sua pr\u00f3pria morte. Paulo encontra um cart\u00e3o de Gustavo no envelope com os pertences de Clarice que apreendeu na casa de Berimbau. Andr\u00e9a tem uma ideia [&hellip;]<\/p>\n","protected":false},"author":2,"featured_media":220185,"comment_status":"closed","ping_status":"closed","sticky":false,"template":"","format":"standard","meta":{"tdm_status":"","tdm_grid_status":"","footnotes":""},"categories":[2281,379,375,2025,343],"tags":[441],"class_list":{"0":"post-225298","1":"post","2":"type-post","3":"status-publish","4":"format-standard","5":"has-post-thumbnail","7":"category-cara-e-coragem","8":"category-novelas","9":"category-rede-globo","10":"category-resumo","11":"category-televisao","12":"tag-resumo-do-dia"},"_links":{"self":[{"href":"https:\/\/migracao.redenoticia.com.br\/noticia\/wp-json\/wp\/v2\/posts\/225298","targetHints":{"allow":["GET"]}}],"collection":[{"href":"https:\/\/migracao.redenoticia.com.br\/noticia\/wp-json\/wp\/v2\/posts"}],"about":[{"href":"https:\/\/migracao.redenoticia.com.br\/noticia\/wp-json\/wp\/v2\/types\/post"}],"author":[{"embeddable":true,"href":"https:\/\/migracao.redenoticia.com.br\/noticia\/wp-json\/wp\/v2\/users\/2"}],"replies":[{"embeddable":true,"href":"https:\/\/migracao.redenoticia.com.br\/noticia\/wp-json\/wp\/v2\/comments?post=225298"}],"version-history":[{"count":0,"href":"https:\/\/migracao.redenoticia.com.br\/noticia\/wp-json\/wp\/v2\/posts\/225298\/revisions"}],"wp:featuredmedia":[{"embeddable":true,"href":"https:\/\/migracao.redenoticia.com.br\/noticia\/wp-json\/wp\/v2\/media\/220185"}],"wp:attachment":[{"href":"https:\/\/migracao.redenoticia.com.br\/noticia\/wp-json\/wp\/v2\/media?parent=225298"}],"wp:term":[{"taxonomy":"category","embeddable":true,"href":"https:\/\/migracao.redenoticia.com.br\/noticia\/wp-json\/wp\/v2\/categories?post=225298"},{"taxonomy":"post_tag","embeddable":true,"href":"https:\/\/migracao.redenoticia.com.br\/noticia\/wp-json\/wp\/v2\/tags?post=225298"}],"curies":[{"name":"wp","href":"https:\/\/api.w.org\/{rel}","templated":true}]}}