{"id":225334,"date":"2022-10-19T14:47:46","date_gmt":"2022-10-19T17:47:46","guid":{"rendered":"https:\/\/www.redenoticia.com.br\/noticia\/?p=225334"},"modified":"2022-10-19T20:06:07","modified_gmt":"2022-10-19T23:06:07","slug":"resumo-a-desalmada-20-10-fernanda-entrega-provas-para-david","status":"publish","type":"post","link":"https:\/\/migracao.redenoticia.com.br\/noticia\/2022\/resumo-a-desalmada-20-10-fernanda-entrega-provas-para-david\/225334","title":{"rendered":"Resumo \u201cA Desalmada\u201d 20\/10: Fernanda entrega provas para David"},"content":{"rendered":"<p> <img loading=\"lazy\" decoding=\"async\" src=\"https:\/\/migracao.redenoticia.com.br\/noticia\/imagens\/a-desalmada-elenco-1.jpg\" alt=\"\" width=\"1280\" height=\"720\" class=\"aligncenter size-full wp-image-221431\" srcset=\"https:\/\/migracao.redenoticia.com.br\/noticia\/imagens\/a-desalmada-elenco-1.jpg 1280w, https:\/\/migracao.redenoticia.com.br\/noticia\/imagens\/a-desalmada-elenco-1-250x140.jpg 250w, https:\/\/migracao.redenoticia.com.br\/noticia\/imagens\/a-desalmada-elenco-1-400x225.jpg 400w, https:\/\/migracao.redenoticia.com.br\/noticia\/imagens\/a-desalmada-elenco-1-768x432.jpg 768w, https:\/\/migracao.redenoticia.com.br\/noticia\/imagens\/a-desalmada-elenco-1-150x84.jpg 150w\" sizes=\"auto, (max-width: 1280px) 100vw, 1280px\" \/><\/p>\n<p><strong><em>Resumo da novela \u201cA Desalmada\u201d<\/em><\/strong> em 20\/10: no cap\u00edtulo 077(*) da novela, Pedro v\u00ea Marcela dentro de uma caminhonete cercada por alguns homens. C\u00e9sar, Luiz e Erasmo v\u00e3o atr\u00e1s deles. Ot\u00e1vio aconselha Rafael a entrar imediatamente com o pedido de div\u00f3rcio. Fernanda diz a Let\u00edcia que ela tem o dever de desmascarar Ot\u00e1vio. <\/p>\n<p>Rafael diz ao pai que n\u00e3o o perdoa por ter sido infiel com sua m\u00e3e. Ot\u00e1vio amea\u00e7a Fernanda para que desista da ideia de desmascar\u00e1-lo. Lu\u00eds coloca um cartaz na hospedaria para que Ot\u00e1vio acredite que continuam procurando por Miriam.<\/p>\n<p>Let\u00edcia pro\u00edbe Oct\u00e1vio de dormir em seu quarto. Marcela \u00e9 levada para o &#8220;Novo Amanhecer&#8221;. Depois de ouvir Rafael, Brenda o apoia. David est\u00e1 decidido a investigar se Ant\u00f4nio e Ot\u00e1vio cometeram crimes na prefeitura. C\u00e9sar vai at\u00e9 a fazenda &#8220;O Primor&#8221; e amea\u00e7a Rafael com uma arma e os dois se enfrentam. <\/p>\n<p>Moreno e seus homens chegam e prendem C\u00e9sar. O beb\u00ea de Isabela \u00e9 sepultado ao lado do t\u00famulo de Roberto. \u00c2ngela e Isabela decidem continuar amigas. Joana sugere a Fernanda que tente convencer os pequenos produtores a serem testemunhas.<\/p>\n<p>Fernanda entrega a David um pen drive com a c\u00f3pia dos documentos de compra e venda. David solicita a Moreno que procure o processo sobre a morte de Santiago. Brenda oferece a Fernanda uma de suas empresas para que ela se afaste de Rafael e deixe o caminho livre para ela. J\u00falia liga para Oct\u00e1vio para dizer que n\u00e3o pretende sair da cabana. Fernanda visita C\u00e9sar na delegacia e ele diz que a ama. David vai at\u00e9 o Novo Amanhecer e diz a Clara que n\u00e3o consegue esquec\u00ea-la. Clara diz que vai embora para a capital. J\u00falia diz a Oct\u00e1vio que n\u00e3o aceita o dinheiro que ele est\u00e1 oferecendo e o provoca. Furioso, ele tenta enforc\u00e1-la.<\/p>\n<p>(*) edi\u00e7\u00e3o das novelas do SBT, \u201cA Desalmada\u201d, sujeito a altera\u00e7\u00e3o de data e conte\u00fado.<\/p>\n<p>Sinopse \u201cA Desalmada\u201d: Fernanda Linares (Livia Brito), uma mulher sedenta de vingan\u00e7a ap\u00f3s o assassinato de seu marido na noite de n\u00fapcias. No entanto, a vida de Fernanda muda quando ela conhece Rafael Toscano (Jos\u00e9 Ron), um belo jovem que acaba de se formar na universidade, com quem ela tem empatia e devolve a Fernanda a oportunidade de voltar a amar.<\/p>\n<p>\u00c9 protagonizada por Livia Brito e Jos\u00e9 Ron; antagonizada por Eduardo Santamarina, Marjorie de Sousa, Azela Robinson, Alberto Estrella, Kimberly Dos Ramos e Francisco Gattorno; tem atua\u00e7\u00f5es estelares de Marlene Favela, Sergio Basa\u00f1ez, Gonzalo Garc\u00eda Vivanco, Ver\u00f3nica Jaspeado, Laura Carmine e Alejandra Garc\u00eda, Daniel Elbittar e a primeira atriz Ana Mart\u00edn.<\/p>\n","protected":false},"excerpt":{"rendered":"<p>Resumo da novela \u201cA Desalmada\u201d em 20\/10: no cap\u00edtulo 077(*) da novela, Pedro v\u00ea Marcela dentro de uma caminhonete cercada por alguns homens. C\u00e9sar, Luiz e Erasmo v\u00e3o atr\u00e1s deles. Ot\u00e1vio aconselha Rafael a entrar imediatamente com o pedido de div\u00f3rcio. Fernanda diz a Let\u00edcia que ela tem o dever de desmascarar Ot\u00e1vio. Rafael diz [&hellip;]<\/p>\n","protected":false},"author":4,"featured_media":221430,"comment_status":"closed","ping_status":"closed","sticky":false,"template":"","format":"standard","meta":{"tdm_status":"","tdm_grid_status":"","footnotes":""},"categories":[2286,379,2025,372,343],"tags":[441],"class_list":{"0":"post-225334","1":"post","2":"type-post","3":"status-publish","4":"format-standard","5":"has-post-thumbnail","7":"category-a-desalmada","8":"category-novelas","9":"category-resumo","10":"category-sbt","11":"category-televisao","12":"tag-resumo-do-dia"},"_links":{"self":[{"href":"https:\/\/migracao.redenoticia.com.br\/noticia\/wp-json\/wp\/v2\/posts\/225334","targetHints":{"allow":["GET"]}}],"collection":[{"href":"https:\/\/migracao.redenoticia.com.br\/noticia\/wp-json\/wp\/v2\/posts"}],"about":[{"href":"https:\/\/migracao.redenoticia.com.br\/noticia\/wp-json\/wp\/v2\/types\/post"}],"author":[{"embeddable":true,"href":"https:\/\/migracao.redenoticia.com.br\/noticia\/wp-json\/wp\/v2\/users\/4"}],"replies":[{"embeddable":true,"href":"https:\/\/migracao.redenoticia.com.br\/noticia\/wp-json\/wp\/v2\/comments?post=225334"}],"version-history":[{"count":0,"href":"https:\/\/migracao.redenoticia.com.br\/noticia\/wp-json\/wp\/v2\/posts\/225334\/revisions"}],"wp:featuredmedia":[{"embeddable":true,"href":"https:\/\/migracao.redenoticia.com.br\/noticia\/wp-json\/wp\/v2\/media\/221430"}],"wp:attachment":[{"href":"https:\/\/migracao.redenoticia.com.br\/noticia\/wp-json\/wp\/v2\/media?parent=225334"}],"wp:term":[{"taxonomy":"category","embeddable":true,"href":"https:\/\/migracao.redenoticia.com.br\/noticia\/wp-json\/wp\/v2\/categories?post=225334"},{"taxonomy":"post_tag","embeddable":true,"href":"https:\/\/migracao.redenoticia.com.br\/noticia\/wp-json\/wp\/v2\/tags?post=225334"}],"curies":[{"name":"wp","href":"https:\/\/api.w.org\/{rel}","templated":true}]}}