{"id":225343,"date":"2022-10-19T14:54:51","date_gmt":"2022-10-19T17:54:51","guid":{"rendered":"https:\/\/www.redenoticia.com.br\/noticia\/?p=225343"},"modified":"2022-10-19T20:07:05","modified_gmt":"2022-10-19T23:07:05","slug":"resumo-cara-e-coragem-20-10-clarice-descobre-que-leonardo-e-o-presidente-da-sg","status":"publish","type":"post","link":"https:\/\/migracao.redenoticia.com.br\/noticia\/2022\/resumo-cara-e-coragem-20-10-clarice-descobre-que-leonardo-e-o-presidente-da-sg\/225343","title":{"rendered":"Resumo \u201cCara e Coragem\u201d 20\/10: Clarice descobre que Leonardo \u00e9 o presidente da SG"},"content":{"rendered":"<p> <img loading=\"lazy\" decoding=\"async\" src=\"https:\/\/migracao.redenoticia.com.br\/noticia\/imagens\/cara-e-coragem.jpg\" alt=\"\" width=\"1280\" height=\"720\" class=\"aligncenter size-full wp-image-220184\" srcset=\"https:\/\/migracao.redenoticia.com.br\/noticia\/imagens\/cara-e-coragem.jpg 1280w, https:\/\/migracao.redenoticia.com.br\/noticia\/imagens\/cara-e-coragem-250x140.jpg 250w, https:\/\/migracao.redenoticia.com.br\/noticia\/imagens\/cara-e-coragem-400x225.jpg 400w, https:\/\/migracao.redenoticia.com.br\/noticia\/imagens\/cara-e-coragem-768x432.jpg 768w, https:\/\/migracao.redenoticia.com.br\/noticia\/imagens\/cara-e-coragem-150x84.jpg 150w\" sizes=\"auto, (max-width: 1280px) 100vw, 1280px\" \/><\/p>\n<p><strong><em>Resumo da novela \u201cCara e Coragem\u201d<\/em><\/strong> em 20\/10: no cap\u00edtulo 124(*) da novela, Pat e Moa se desesperam ao ver a explos\u00e3o e tentam ajudar os pais. Clarice conta para Jonathan que acredita que seu pai foi assassinado pela mesma pessoa que tentou mat\u00e1-la. O exame de DNA de Rebeca e C\u00e9lia d\u00e1 positivo. As duas comemoram emocionadas a comprova\u00e7\u00e3o de que s\u00e3o m\u00e3e e filha. Pat e Moa acreditam que o inc\u00eandio na padaria foi um atentado planejado pelos compradores da f\u00f3rmula. Anita confirma para \u00cdtalo seu envolvimento com o pescador Samuel no passado. Rico visita o pai na cadeia. Marcela leva Gustavo para fazer uma acarea\u00e7\u00e3o com Berimbau. Armandinho sai com Dalva e encontra com Margareth.<\/p>\n<p>Alfredo se preocupa com os filhos e avisa a Pat que vai lev\u00e1-los para morar com ele. Marcela faz uma coletiva para informar \u00e0 imprensa sobre a acusa\u00e7\u00e3o que Berimbau fez a Gustavo. Regina comemora a pris\u00e3o de Gustavo, e Leonardo fica abalado. Luana conta para Clarice sobre o afastamento de Martha da empresa e que Leonardo \u00e9 o atual presidente da SG. Renan mostra a not\u00edcia sobre o pai de Rico para Ol\u00edvia. Martha pede um cargo na diretoria para Leonardo. Moa pede que \u00cdtalo coloque seguran\u00e7as para cuidar de sua fam\u00edlia. Danilo se preocupa ao saber que os compradores mandaram um aviso por causa do fracasso nos testes feitos na modifica\u00e7\u00e3o da f\u00f3rmula.<\/p>\n<p>(*) edi\u00e7\u00e3o das novelas da Globo, \u201cCara e Coragem\u201d, sujeito a altera\u00e7\u00e3o de data e conte\u00fado.<\/p>\n<p>Sinopse \u201cCara e Coragem\u201d: Os dubl\u00eas profissionais Pat e Moa ter\u00e3o seus caminhos tra\u00e7ados com o da empres\u00e1ria Clarice Gusm\u00e3o, diretora da Sider\u00fargica Gusm\u00e3o e inventora de uma f\u00f3rmula secreta milion\u00e1ria, que ser\u00e1 invejada por Leonardo, irm\u00e3o de Clarice, sua amante Regina, e Danilo, tamb\u00e9m empres\u00e1rio.<\/p>\n<p>Enquanto os dubl\u00eas se descobrir\u00e3o apaixonados um pelo outro, mesmo que eles n\u00e3o admitam, Clarice ter\u00e1 um caso com \u00cdtalo, um instrutor de parkur, al\u00e9m de outros segredos obscuros dentro da trama. Uma reviravolta em sua vida acontece ao descobrir a exist\u00eancia de Anita, uma s\u00f3sia sua, mas com uma personalidade totalmente oposta.<\/p>\n","protected":false},"excerpt":{"rendered":"<p>Resumo da novela \u201cCara e Coragem\u201d em 20\/10: no cap\u00edtulo 124(*) da novela, Pat e Moa se desesperam ao ver a explos\u00e3o e tentam ajudar os pais. Clarice conta para Jonathan que acredita que seu pai foi assassinado pela mesma pessoa que tentou mat\u00e1-la. O exame de DNA de Rebeca e C\u00e9lia d\u00e1 positivo. As [&hellip;]<\/p>\n","protected":false},"author":3,"featured_media":220185,"comment_status":"closed","ping_status":"closed","sticky":false,"template":"","format":"standard","meta":{"tdm_status":"","tdm_grid_status":"","footnotes":""},"categories":[2281,379,375,2025,343],"tags":[441],"class_list":{"0":"post-225343","1":"post","2":"type-post","3":"status-publish","4":"format-standard","5":"has-post-thumbnail","7":"category-cara-e-coragem","8":"category-novelas","9":"category-rede-globo","10":"category-resumo","11":"category-televisao","12":"tag-resumo-do-dia"},"_links":{"self":[{"href":"https:\/\/migracao.redenoticia.com.br\/noticia\/wp-json\/wp\/v2\/posts\/225343","targetHints":{"allow":["GET"]}}],"collection":[{"href":"https:\/\/migracao.redenoticia.com.br\/noticia\/wp-json\/wp\/v2\/posts"}],"about":[{"href":"https:\/\/migracao.redenoticia.com.br\/noticia\/wp-json\/wp\/v2\/types\/post"}],"author":[{"embeddable":true,"href":"https:\/\/migracao.redenoticia.com.br\/noticia\/wp-json\/wp\/v2\/users\/3"}],"replies":[{"embeddable":true,"href":"https:\/\/migracao.redenoticia.com.br\/noticia\/wp-json\/wp\/v2\/comments?post=225343"}],"version-history":[{"count":0,"href":"https:\/\/migracao.redenoticia.com.br\/noticia\/wp-json\/wp\/v2\/posts\/225343\/revisions"}],"wp:featuredmedia":[{"embeddable":true,"href":"https:\/\/migracao.redenoticia.com.br\/noticia\/wp-json\/wp\/v2\/media\/220185"}],"wp:attachment":[{"href":"https:\/\/migracao.redenoticia.com.br\/noticia\/wp-json\/wp\/v2\/media?parent=225343"}],"wp:term":[{"taxonomy":"category","embeddable":true,"href":"https:\/\/migracao.redenoticia.com.br\/noticia\/wp-json\/wp\/v2\/categories?post=225343"},{"taxonomy":"post_tag","embeddable":true,"href":"https:\/\/migracao.redenoticia.com.br\/noticia\/wp-json\/wp\/v2\/tags?post=225343"}],"curies":[{"name":"wp","href":"https:\/\/api.w.org\/{rel}","templated":true}]}}