{"id":225370,"date":"2022-10-20T14:29:59","date_gmt":"2022-10-20T17:29:59","guid":{"rendered":"https:\/\/www.redenoticia.com.br\/noticia\/?p=225370"},"modified":"2022-10-20T19:51:05","modified_gmt":"2022-10-20T22:51:05","slug":"resumo-a-desalmada-21-10-otavio-decide-matar-leticia","status":"publish","type":"post","link":"https:\/\/migracao.redenoticia.com.br\/noticia\/2022\/resumo-a-desalmada-21-10-otavio-decide-matar-leticia\/225370","title":{"rendered":"Resumo \u201cA Desalmada\u201d 21\/10: Let\u00edcia expulsa Ot\u00e1vio de seus neg\u00f3cios e da sua vida"},"content":{"rendered":"<p> <img loading=\"lazy\" decoding=\"async\" src=\"https:\/\/migracao.redenoticia.com.br\/noticia\/imagens\/a-desalmada-elenco-1.jpg\" alt=\"\" width=\"1280\" height=\"720\" class=\"aligncenter size-full wp-image-221431\" srcset=\"https:\/\/migracao.redenoticia.com.br\/noticia\/imagens\/a-desalmada-elenco-1.jpg 1280w, https:\/\/migracao.redenoticia.com.br\/noticia\/imagens\/a-desalmada-elenco-1-250x140.jpg 250w, https:\/\/migracao.redenoticia.com.br\/noticia\/imagens\/a-desalmada-elenco-1-400x225.jpg 400w, https:\/\/migracao.redenoticia.com.br\/noticia\/imagens\/a-desalmada-elenco-1-768x432.jpg 768w, https:\/\/migracao.redenoticia.com.br\/noticia\/imagens\/a-desalmada-elenco-1-150x84.jpg 150w\" sizes=\"auto, (max-width: 1280px) 100vw, 1280px\" \/><\/p>\n<p><strong><em>Resumo da novela \u201cA Desalmada\u201d<\/em><\/strong> em 21\/10: no cap\u00edtulo 078(*) da novela, J\u00falia procura Martina e pede para ficar alguns dias em sua casa, mas ela e suas amigas a expulsam. Let\u00edcia diz a Ot\u00e1vio que viu as provas que German trouxe onde fica provado que ele roubou a sua fazenda. Rafael tamb\u00e9m est\u00e1 convencido da culpa do pai. Martina pede a Ot\u00e1vio que impe\u00e7a que David a denuncie e Ant\u00f4nio por ter roubado o er\u00e1rio, mas ele se nega a ajud\u00e1-los. Revoltado, Rafael diz ao pai que se n\u00e3o for embora como \u00e9 a vontade de sua m\u00e3e, ele mesmo se encarregar\u00e1 de expuls\u00e1-lo. Pedro conhece v\u00e1rias pessoas dispostas a testemunhar que Oct\u00e1vio roubou suas terras.<\/p>\n<p>Francisca diz a Ot\u00e1vio que ele n\u00e3o pode lutar por Let\u00edcia porque j\u00e1 a perdeu. David descobre que sua m\u00e3e que seu pai assediava meninas menores de idade e fica enojado. Fernanda assina o protocolo de recebimento do processo de div\u00f3rcio e pede a ele que salve o casamento. Rafael diz a Fernanda que a quer fora da sua vida. Rosalina d\u00e1 \u00e0 luz uma linda menina. Let\u00edcia diz ao filho que ele ser\u00e1 o diretor da empacotadora com o apoio de German. David conta a Rafael que Maria \u00e9 sua irm\u00e3. Let\u00edcia insinua a Brenda que v\u00ea com bons olhos uma rela\u00e7\u00e3o entre ela e seu filho. Ao saber que Francisca contou a David que Maria \u00e9 sua irm\u00e3, Ant\u00f4nio a empurra e ela bate a cabe\u00e7a ao cair.<\/p>\n<p>Oct\u00e1vio diz a Let\u00edcia que se ela assinar os documentos, ela n\u00e3o voltar\u00e1 a v\u00ea-lo. Os pe\u00f5es flagram Ant\u00f4nio agredindo Francisca e o impedem \u00e0 golpes. Let\u00edcia diz a Ot\u00e1vio que sabe que os documentos permitiriam que ele vendesse as propriedades e rasga os papeis diante dele. Carmelo fica revoltado ao saber o que Ant\u00f4nio fez com Francisca. Let\u00edcia expulsa Oct\u00e1vio de sua casa, de seus neg\u00f3cios e da sua vida. Oct\u00e1vio decide matar Let\u00edcia. Marcela e Erasmo decidem viver juntos. Carmelo diz a David que seu pai foi atacado por desconhecidos. Francisca aben\u00e7oa a uni\u00e3o de Maria e Pietro e logo depois morre.<\/p>\n<p>(*) edi\u00e7\u00e3o das novelas do SBT, \u201cA Desalmada\u201d, sujeito a altera\u00e7\u00e3o de data e conte\u00fado.<\/p>\n<p>Sinopse \u201cA Desalmada\u201d: Fernanda Linares (Livia Brito), uma mulher sedenta de vingan\u00e7a ap\u00f3s o assassinato de seu marido na noite de n\u00fapcias. No entanto, a vida de Fernanda muda quando ela conhece Rafael Toscano (Jos\u00e9 Ron), um belo jovem que acaba de se formar na universidade, com quem ela tem empatia e devolve a Fernanda a oportunidade de voltar a amar.<\/p>\n<p>\u00c9 protagonizada por Livia Brito e Jos\u00e9 Ron; antagonizada por Eduardo Santamarina, Marjorie de Sousa, Azela Robinson, Alberto Estrella, Kimberly Dos Ramos e Francisco Gattorno; tem atua\u00e7\u00f5es estelares de Marlene Favela, Sergio Basa\u00f1ez, Gonzalo Garc\u00eda Vivanco, Ver\u00f3nica Jaspeado, Laura Carmine e Alejandra Garc\u00eda, Daniel Elbittar e a primeira atriz Ana Mart\u00edn.<\/p>\n","protected":false},"excerpt":{"rendered":"<p>Resumo da novela \u201cA Desalmada\u201d em 21\/10: no cap\u00edtulo 078(*) da novela, J\u00falia procura Martina e pede para ficar alguns dias em sua casa, mas ela e suas amigas a expulsam. Let\u00edcia diz a Ot\u00e1vio que viu as provas que German trouxe onde fica provado que ele roubou a sua fazenda. Rafael tamb\u00e9m est\u00e1 convencido [&hellip;]<\/p>\n","protected":false},"author":3,"featured_media":221430,"comment_status":"closed","ping_status":"closed","sticky":false,"template":"","format":"standard","meta":{"tdm_status":"","tdm_grid_status":"","footnotes":""},"categories":[2286,379,2025,372,343],"tags":[441],"class_list":{"0":"post-225370","1":"post","2":"type-post","3":"status-publish","4":"format-standard","5":"has-post-thumbnail","7":"category-a-desalmada","8":"category-novelas","9":"category-resumo","10":"category-sbt","11":"category-televisao","12":"tag-resumo-do-dia"},"_links":{"self":[{"href":"https:\/\/migracao.redenoticia.com.br\/noticia\/wp-json\/wp\/v2\/posts\/225370","targetHints":{"allow":["GET"]}}],"collection":[{"href":"https:\/\/migracao.redenoticia.com.br\/noticia\/wp-json\/wp\/v2\/posts"}],"about":[{"href":"https:\/\/migracao.redenoticia.com.br\/noticia\/wp-json\/wp\/v2\/types\/post"}],"author":[{"embeddable":true,"href":"https:\/\/migracao.redenoticia.com.br\/noticia\/wp-json\/wp\/v2\/users\/3"}],"replies":[{"embeddable":true,"href":"https:\/\/migracao.redenoticia.com.br\/noticia\/wp-json\/wp\/v2\/comments?post=225370"}],"version-history":[{"count":0,"href":"https:\/\/migracao.redenoticia.com.br\/noticia\/wp-json\/wp\/v2\/posts\/225370\/revisions"}],"wp:featuredmedia":[{"embeddable":true,"href":"https:\/\/migracao.redenoticia.com.br\/noticia\/wp-json\/wp\/v2\/media\/221430"}],"wp:attachment":[{"href":"https:\/\/migracao.redenoticia.com.br\/noticia\/wp-json\/wp\/v2\/media?parent=225370"}],"wp:term":[{"taxonomy":"category","embeddable":true,"href":"https:\/\/migracao.redenoticia.com.br\/noticia\/wp-json\/wp\/v2\/categories?post=225370"},{"taxonomy":"post_tag","embeddable":true,"href":"https:\/\/migracao.redenoticia.com.br\/noticia\/wp-json\/wp\/v2\/tags?post=225370"}],"curies":[{"name":"wp","href":"https:\/\/api.w.org\/{rel}","templated":true}]}}