{"id":225380,"date":"2022-10-20T14:41:10","date_gmt":"2022-10-20T17:41:10","guid":{"rendered":"https:\/\/www.redenoticia.com.br\/noticia\/?p=225380"},"modified":"2022-10-20T14:41:10","modified_gmt":"2022-10-20T17:41:10","slug":"resumo-cara-e-coragem-21-10-danilo-aceita-trabalhar-na-sg","status":"publish","type":"post","link":"https:\/\/migracao.redenoticia.com.br\/noticia\/2022\/resumo-cara-e-coragem-21-10-danilo-aceita-trabalhar-na-sg\/225380","title":{"rendered":"Resumo \u201cCara e Coragem\u201d 21\/10: Danilo aceita trabalhar na SG"},"content":{"rendered":"<p> <img loading=\"lazy\" decoding=\"async\" src=\"https:\/\/migracao.redenoticia.com.br\/noticia\/imagens\/cara-e-coragem.jpg\" alt=\"\" width=\"1280\" height=\"720\" class=\"aligncenter size-full wp-image-220184\" srcset=\"https:\/\/migracao.redenoticia.com.br\/noticia\/imagens\/cara-e-coragem.jpg 1280w, https:\/\/migracao.redenoticia.com.br\/noticia\/imagens\/cara-e-coragem-250x140.jpg 250w, https:\/\/migracao.redenoticia.com.br\/noticia\/imagens\/cara-e-coragem-400x225.jpg 400w, https:\/\/migracao.redenoticia.com.br\/noticia\/imagens\/cara-e-coragem-768x432.jpg 768w, https:\/\/migracao.redenoticia.com.br\/noticia\/imagens\/cara-e-coragem-150x84.jpg 150w\" sizes=\"auto, (max-width: 1280px) 100vw, 1280px\" \/><\/p>\n<p><strong><em>Resumo da novela \u201cCara e Coragem\u201d<\/em><\/strong> em 21\/10: no cap\u00edtulo 125(*) da novela, Danilo tenta disfar\u00e7ar para Rebeca sua apreens\u00e3o sobre o inc\u00eandio na padaria de Milton. Leonardo se recusa a dar um cargo para Martha. Rico, Pat, Moa e \u00cdtalo desconfiam da acusa\u00e7\u00e3o feita por Berimbau. Joca convence Teca a jantar com ele. Danilo conta para Regina e Leonardo que os compradores incendiaram a padaria do pai de Moa. Leonardo exige que Jonathan retome a pesquisa com o magn\u00e9sio e entregue os resultados rapidamente. Andr\u00e9a decide ir com Hugo para Paquet\u00e1.<\/p>\n<p>Cleide desconfia que Batata esteja lhe dando um golpe e pede ajuda a Armandinho. Duarte se oferece para ajudar Milton a limpar e organizar a padaria ap\u00f3s o atentado. Andr\u00e9a se surpreende com o desastre na padaria do pai de Moa. Cleide e Armandinho se beijam. Duarte se aproxima da padaria de Milton, assim que Andr\u00e9a se afasta com Hugo e Nadir. Ol\u00edvia e Alfredo encontram Joca e Teca no restaurante. Rebeca leva C\u00e9lia e Fernanda para conhecer Chiquinho. Danilo aceita trabalhar na SG, e Leonardo fica animado. Anita atende Martha e encontra Regina. Pat repara na tatuagem que \u00cdtalo tem igual \u00e0 de Clarice, sem notar altera\u00e7\u00e3o que a mesma possui.<\/p>\n<p>(*) edi\u00e7\u00e3o das novelas da Globo, \u201cCara e Coragem\u201d, sujeito a altera\u00e7\u00e3o de data e conte\u00fado.<\/p>\n<p>Sinopse \u201cCara e Coragem\u201d: Os dubl\u00eas profissionais Pat e Moa ter\u00e3o seus caminhos tra\u00e7ados com o da empres\u00e1ria Clarice Gusm\u00e3o, diretora da Sider\u00fargica Gusm\u00e3o e inventora de uma f\u00f3rmula secreta milion\u00e1ria, que ser\u00e1 invejada por Leonardo, irm\u00e3o de Clarice, sua amante Regina, e Danilo, tamb\u00e9m empres\u00e1rio.<\/p>\n<p>Enquanto os dubl\u00eas se descobrir\u00e3o apaixonados um pelo outro, mesmo que eles n\u00e3o admitam, Clarice ter\u00e1 um caso com \u00cdtalo, um instrutor de parkur, al\u00e9m de outros segredos obscuros dentro da trama. Uma reviravolta em sua vida acontece ao descobrir a exist\u00eancia de Anita, uma s\u00f3sia sua, mas com uma personalidade totalmente oposta.<\/p>\n","protected":false},"excerpt":{"rendered":"<p>Resumo da novela \u201cCara e Coragem\u201d em 21\/10: no cap\u00edtulo 125(*) da novela, Danilo tenta disfar\u00e7ar para Rebeca sua apreens\u00e3o sobre o inc\u00eandio na padaria de Milton. Leonardo se recusa a dar um cargo para Martha. Rico, Pat, Moa e \u00cdtalo desconfiam da acusa\u00e7\u00e3o feita por Berimbau. Joca convence Teca a jantar com ele. Danilo [&hellip;]<\/p>\n","protected":false},"author":2,"featured_media":220185,"comment_status":"closed","ping_status":"closed","sticky":false,"template":"","format":"standard","meta":{"tdm_status":"","tdm_grid_status":"","footnotes":""},"categories":[2281,379,375,2025,343],"tags":[441],"class_list":{"0":"post-225380","1":"post","2":"type-post","3":"status-publish","4":"format-standard","5":"has-post-thumbnail","7":"category-cara-e-coragem","8":"category-novelas","9":"category-rede-globo","10":"category-resumo","11":"category-televisao","12":"tag-resumo-do-dia"},"_links":{"self":[{"href":"https:\/\/migracao.redenoticia.com.br\/noticia\/wp-json\/wp\/v2\/posts\/225380","targetHints":{"allow":["GET"]}}],"collection":[{"href":"https:\/\/migracao.redenoticia.com.br\/noticia\/wp-json\/wp\/v2\/posts"}],"about":[{"href":"https:\/\/migracao.redenoticia.com.br\/noticia\/wp-json\/wp\/v2\/types\/post"}],"author":[{"embeddable":true,"href":"https:\/\/migracao.redenoticia.com.br\/noticia\/wp-json\/wp\/v2\/users\/2"}],"replies":[{"embeddable":true,"href":"https:\/\/migracao.redenoticia.com.br\/noticia\/wp-json\/wp\/v2\/comments?post=225380"}],"version-history":[{"count":0,"href":"https:\/\/migracao.redenoticia.com.br\/noticia\/wp-json\/wp\/v2\/posts\/225380\/revisions"}],"wp:featuredmedia":[{"embeddable":true,"href":"https:\/\/migracao.redenoticia.com.br\/noticia\/wp-json\/wp\/v2\/media\/220185"}],"wp:attachment":[{"href":"https:\/\/migracao.redenoticia.com.br\/noticia\/wp-json\/wp\/v2\/media?parent=225380"}],"wp:term":[{"taxonomy":"category","embeddable":true,"href":"https:\/\/migracao.redenoticia.com.br\/noticia\/wp-json\/wp\/v2\/categories?post=225380"},{"taxonomy":"post_tag","embeddable":true,"href":"https:\/\/migracao.redenoticia.com.br\/noticia\/wp-json\/wp\/v2\/tags?post=225380"}],"curies":[{"name":"wp","href":"https:\/\/api.w.org\/{rel}","templated":true}]}}