{"id":225418,"date":"2022-10-21T14:59:24","date_gmt":"2022-10-21T17:59:24","guid":{"rendered":"https:\/\/www.redenoticia.com.br\/noticia\/?p=225418"},"modified":"2022-10-21T15:07:09","modified_gmt":"2022-10-21T18:07:09","slug":"resumo-cara-e-coragem-22-10-pat-e-moa-chegam-para-o-encontro-com-jonathan","status":"publish","type":"post","link":"https:\/\/migracao.redenoticia.com.br\/noticia\/2022\/resumo-cara-e-coragem-22-10-pat-e-moa-chegam-para-o-encontro-com-jonathan\/225418","title":{"rendered":"Resumo \u201cCara e Coragem\u201d 22\/10: Pat e Moa chegam para o encontro com Jonathan"},"content":{"rendered":"<p> <img loading=\"lazy\" decoding=\"async\" src=\"https:\/\/migracao.redenoticia.com.br\/noticia\/imagens\/cara-e-coragem.jpg\" alt=\"\" width=\"1280\" height=\"720\" class=\"aligncenter size-full wp-image-220184\" srcset=\"https:\/\/migracao.redenoticia.com.br\/noticia\/imagens\/cara-e-coragem.jpg 1280w, https:\/\/migracao.redenoticia.com.br\/noticia\/imagens\/cara-e-coragem-250x140.jpg 250w, https:\/\/migracao.redenoticia.com.br\/noticia\/imagens\/cara-e-coragem-400x225.jpg 400w, https:\/\/migracao.redenoticia.com.br\/noticia\/imagens\/cara-e-coragem-768x432.jpg 768w, https:\/\/migracao.redenoticia.com.br\/noticia\/imagens\/cara-e-coragem-150x84.jpg 150w\" sizes=\"auto, (max-width: 1280px) 100vw, 1280px\" \/><\/p>\n<p><strong><em>Resumo da novela \u201cCara e Coragem\u201d<\/em><\/strong> em 22\/10: no cap\u00edtulo 126(*) da novela, Regina tenta subornar Anita, que amea\u00e7a contar o que sabe sobre ela \u00e0 pol\u00edcia. \u00cdtalo esconde de Pat que colocou a modifica\u00e7\u00e3o da f\u00f3rmula em sua tatuagem. Paulo pensa em conversar com Pat e Moa sobre Clarice. Pat v\u00ea Andr\u00e9a Pratini abra\u00e7ada a Moa e fica enciumada. Danilo se vangloria do seu novo cargo na SG. Ol\u00edvia alerta Rico sobre as inten\u00e7\u00f5es de Joca com Teca. Armandinho revela para Cleide que Batata fez um grande desfalque na \u00caxito. Renan provoca Rico, e os dois brigam. Enzo confessa a Ol\u00edvia que est\u00e1 com saudades de Hugo. Armandinho vai com Cleide confrontar Batata.<\/p>\n<p>Jonathan avisa a Pat e Moa que a altera\u00e7\u00e3o que foi entregue para os compradores n\u00e3o funciona e marca um encontro com eles em um local misterioso. Regina reclama de Anita para Danilo, que pede informa\u00e7\u00f5es sobre a massagista. Armandinho ajuda a expulsar Batata da \u00caxito e depois fica com Cleide. Anita se assusta ao encontrar com Danilo e um capanga dentro de sua casa. Pat e Moa chegam para o encontro com Jonathan.<\/p>\n<p>(*) edi\u00e7\u00e3o das novelas da Globo, \u201cCara e Coragem\u201d, sujeito a altera\u00e7\u00e3o de data e conte\u00fado.<\/p>\n<p>Sinopse \u201cCara e Coragem\u201d: Os dubl\u00eas profissionais Pat e Moa ter\u00e3o seus caminhos tra\u00e7ados com o da empres\u00e1ria Clarice Gusm\u00e3o, diretora da Sider\u00fargica Gusm\u00e3o e inventora de uma f\u00f3rmula secreta milion\u00e1ria, que ser\u00e1 invejada por Leonardo, irm\u00e3o de Clarice, sua amante Regina, e Danilo, tamb\u00e9m empres\u00e1rio.<\/p>\n<p>Enquanto os dubl\u00eas se descobrir\u00e3o apaixonados um pelo outro, mesmo que eles n\u00e3o admitam, Clarice ter\u00e1 um caso com \u00cdtalo, um instrutor de parkur, al\u00e9m de outros segredos obscuros dentro da trama. Uma reviravolta em sua vida acontece ao descobrir a exist\u00eancia de Anita, uma s\u00f3sia sua, mas com uma personalidade totalmente oposta.<\/p>\n","protected":false},"excerpt":{"rendered":"<p>Resumo da novela \u201cCara e Coragem\u201d em 22\/10: no cap\u00edtulo 126(*) da novela, Regina tenta subornar Anita, que amea\u00e7a contar o que sabe sobre ela \u00e0 pol\u00edcia. \u00cdtalo esconde de Pat que colocou a modifica\u00e7\u00e3o da f\u00f3rmula em sua tatuagem. Paulo pensa em conversar com Pat e Moa sobre Clarice. Pat v\u00ea Andr\u00e9a Pratini abra\u00e7ada [&hellip;]<\/p>\n","protected":false},"author":4,"featured_media":220185,"comment_status":"closed","ping_status":"closed","sticky":false,"template":"","format":"standard","meta":{"tdm_status":"","tdm_grid_status":"","footnotes":""},"categories":[2281,379,375,2025,343],"tags":[441],"class_list":{"0":"post-225418","1":"post","2":"type-post","3":"status-publish","4":"format-standard","5":"has-post-thumbnail","7":"category-cara-e-coragem","8":"category-novelas","9":"category-rede-globo","10":"category-resumo","11":"category-televisao","12":"tag-resumo-do-dia"},"_links":{"self":[{"href":"https:\/\/migracao.redenoticia.com.br\/noticia\/wp-json\/wp\/v2\/posts\/225418","targetHints":{"allow":["GET"]}}],"collection":[{"href":"https:\/\/migracao.redenoticia.com.br\/noticia\/wp-json\/wp\/v2\/posts"}],"about":[{"href":"https:\/\/migracao.redenoticia.com.br\/noticia\/wp-json\/wp\/v2\/types\/post"}],"author":[{"embeddable":true,"href":"https:\/\/migracao.redenoticia.com.br\/noticia\/wp-json\/wp\/v2\/users\/4"}],"replies":[{"embeddable":true,"href":"https:\/\/migracao.redenoticia.com.br\/noticia\/wp-json\/wp\/v2\/comments?post=225418"}],"version-history":[{"count":0,"href":"https:\/\/migracao.redenoticia.com.br\/noticia\/wp-json\/wp\/v2\/posts\/225418\/revisions"}],"wp:featuredmedia":[{"embeddable":true,"href":"https:\/\/migracao.redenoticia.com.br\/noticia\/wp-json\/wp\/v2\/media\/220185"}],"wp:attachment":[{"href":"https:\/\/migracao.redenoticia.com.br\/noticia\/wp-json\/wp\/v2\/media?parent=225418"}],"wp:term":[{"taxonomy":"category","embeddable":true,"href":"https:\/\/migracao.redenoticia.com.br\/noticia\/wp-json\/wp\/v2\/categories?post=225418"},{"taxonomy":"post_tag","embeddable":true,"href":"https:\/\/migracao.redenoticia.com.br\/noticia\/wp-json\/wp\/v2\/tags?post=225418"}],"curies":[{"name":"wp","href":"https:\/\/api.w.org\/{rel}","templated":true}]}}