{"id":225496,"date":"2022-10-23T17:31:57","date_gmt":"2022-10-23T20:31:57","guid":{"rendered":"https:\/\/www.redenoticia.com.br\/noticia\/?p=225496"},"modified":"2022-10-23T17:31:57","modified_gmt":"2022-10-23T20:31:57","slug":"resumo-cara-e-coragem-24-10-clarice-ve-italo-e-anita-juntos","status":"publish","type":"post","link":"https:\/\/migracao.redenoticia.com.br\/noticia\/2022\/resumo-cara-e-coragem-24-10-clarice-ve-italo-e-anita-juntos\/225496","title":{"rendered":"Resumo \u201cCara e Coragem\u201d 24\/10: Clarice v\u00ea \u00cdtalo e Anita juntos"},"content":{"rendered":"<p> <img loading=\"lazy\" decoding=\"async\" src=\"https:\/\/migracao.redenoticia.com.br\/noticia\/imagens\/cara-e-coragem.jpg\" alt=\"\" width=\"1280\" height=\"720\" class=\"aligncenter size-full wp-image-220184\" srcset=\"https:\/\/migracao.redenoticia.com.br\/noticia\/imagens\/cara-e-coragem.jpg 1280w, https:\/\/migracao.redenoticia.com.br\/noticia\/imagens\/cara-e-coragem-250x140.jpg 250w, https:\/\/migracao.redenoticia.com.br\/noticia\/imagens\/cara-e-coragem-400x225.jpg 400w, https:\/\/migracao.redenoticia.com.br\/noticia\/imagens\/cara-e-coragem-768x432.jpg 768w, https:\/\/migracao.redenoticia.com.br\/noticia\/imagens\/cara-e-coragem-150x84.jpg 150w\" sizes=\"auto, (max-width: 1280px) 100vw, 1280px\" \/><\/p>\n<p><strong><em>Resumo da novela \u201cCara e Coragem\u201d<\/em><\/strong> em 24\/10: no cap\u00edtulo 127(*) da novela, Jonathan entrega para Pat e Moa o dinheiro que Clarice acertou com eles para pegar a f\u00f3rmula. Danilo amea\u00e7a atentar contra a vida de Anita se ela procurar a pol\u00edcia. Jonathan n\u00e3o conta para Clarice sobre \u00cdtalo e Anita. Pat fala para Moa que desconfia que a modifica\u00e7\u00e3o da f\u00f3rmula esteja com \u00cdtalo. \u00cdsis \u00e9 atropelada depois de discutir com Renan.<\/p>\n<p>Rebeca pede para Danilo deixar C\u00e9lia e Fernanda morarem com eles. \u00cdsis perde seu beb\u00ea, e Ol\u00edvia a consola. Pat e Moa tentam confirmar que a modifica\u00e7\u00e3o da f\u00f3rmula est\u00e1 na tatuagem de \u00cdtalo. \u00cdtalo decide viajar com Anita. Milton e Nadir se beijam. Lou discute com Renan. Clarice procura por \u00cdtalo. Pat e Moa cercam o ex-funcion\u00e1rio de Milton que supostamente sabotou a padaria. Sem ser notada, Clarice v\u00ea \u00cdtalo e Anita juntos.<\/p>\n<p>(*) edi\u00e7\u00e3o das novelas da Globo, \u201cCara e Coragem\u201d, sujeito a altera\u00e7\u00e3o de data e conte\u00fado.<\/p>\n<p>Sinopse \u201cCara e Coragem\u201d: Os dubl\u00eas profissionais Pat e Moa ter\u00e3o seus caminhos tra\u00e7ados com o da empres\u00e1ria Clarice Gusm\u00e3o, diretora da Sider\u00fargica Gusm\u00e3o e inventora de uma f\u00f3rmula secreta milion\u00e1ria, que ser\u00e1 invejada por Leonardo, irm\u00e3o de Clarice, sua amante Regina, e Danilo, tamb\u00e9m empres\u00e1rio.<\/p>\n<p>Enquanto os dubl\u00eas se descobrir\u00e3o apaixonados um pelo outro, mesmo que eles n\u00e3o admitam, Clarice ter\u00e1 um caso com \u00cdtalo, um instrutor de parkur, al\u00e9m de outros segredos obscuros dentro da trama. Uma reviravolta em sua vida acontece ao descobrir a exist\u00eancia de Anita, uma s\u00f3sia sua, mas com uma personalidade totalmente oposta.<\/p>\n","protected":false},"excerpt":{"rendered":"<p>Resumo da novela \u201cCara e Coragem\u201d em 24\/10: no cap\u00edtulo 127(*) da novela, Jonathan entrega para Pat e Moa o dinheiro que Clarice acertou com eles para pegar a f\u00f3rmula. Danilo amea\u00e7a atentar contra a vida de Anita se ela procurar a pol\u00edcia. Jonathan n\u00e3o conta para Clarice sobre \u00cdtalo e Anita. Pat fala para [&hellip;]<\/p>\n","protected":false},"author":2,"featured_media":220185,"comment_status":"closed","ping_status":"closed","sticky":false,"template":"","format":"standard","meta":{"tdm_status":"","tdm_grid_status":"","footnotes":""},"categories":[2281,379,375,2025,343],"tags":[441],"class_list":{"0":"post-225496","1":"post","2":"type-post","3":"status-publish","4":"format-standard","5":"has-post-thumbnail","7":"category-cara-e-coragem","8":"category-novelas","9":"category-rede-globo","10":"category-resumo","11":"category-televisao","12":"tag-resumo-do-dia"},"_links":{"self":[{"href":"https:\/\/migracao.redenoticia.com.br\/noticia\/wp-json\/wp\/v2\/posts\/225496","targetHints":{"allow":["GET"]}}],"collection":[{"href":"https:\/\/migracao.redenoticia.com.br\/noticia\/wp-json\/wp\/v2\/posts"}],"about":[{"href":"https:\/\/migracao.redenoticia.com.br\/noticia\/wp-json\/wp\/v2\/types\/post"}],"author":[{"embeddable":true,"href":"https:\/\/migracao.redenoticia.com.br\/noticia\/wp-json\/wp\/v2\/users\/2"}],"replies":[{"embeddable":true,"href":"https:\/\/migracao.redenoticia.com.br\/noticia\/wp-json\/wp\/v2\/comments?post=225496"}],"version-history":[{"count":0,"href":"https:\/\/migracao.redenoticia.com.br\/noticia\/wp-json\/wp\/v2\/posts\/225496\/revisions"}],"wp:featuredmedia":[{"embeddable":true,"href":"https:\/\/migracao.redenoticia.com.br\/noticia\/wp-json\/wp\/v2\/media\/220185"}],"wp:attachment":[{"href":"https:\/\/migracao.redenoticia.com.br\/noticia\/wp-json\/wp\/v2\/media?parent=225496"}],"wp:term":[{"taxonomy":"category","embeddable":true,"href":"https:\/\/migracao.redenoticia.com.br\/noticia\/wp-json\/wp\/v2\/categories?post=225496"},{"taxonomy":"post_tag","embeddable":true,"href":"https:\/\/migracao.redenoticia.com.br\/noticia\/wp-json\/wp\/v2\/tags?post=225496"}],"curies":[{"name":"wp","href":"https:\/\/api.w.org\/{rel}","templated":true}]}}