{"id":225508,"date":"2022-10-24T17:26:21","date_gmt":"2022-10-24T20:26:21","guid":{"rendered":"https:\/\/www.redenoticia.com.br\/noticia\/?p=225508"},"modified":"2022-10-24T17:26:21","modified_gmt":"2022-10-24T20:26:21","slug":"resumo-cara-e-coragem-25-10-leonardo-ve-clarice-na-sg-e-acredita-ser-uma-visao","status":"publish","type":"post","link":"https:\/\/migracao.redenoticia.com.br\/noticia\/2022\/resumo-cara-e-coragem-25-10-leonardo-ve-clarice-na-sg-e-acredita-ser-uma-visao\/225508","title":{"rendered":"Resumo \u201cCara e Coragem\u201d 25\/10: Leonardo v\u00ea Clarice na SG e acredita ser uma vis\u00e3o"},"content":{"rendered":"<p> <img loading=\"lazy\" decoding=\"async\" src=\"https:\/\/migracao.redenoticia.com.br\/noticia\/imagens\/cara-e-coragem.jpg\" alt=\"\" width=\"1280\" height=\"720\" class=\"aligncenter size-full wp-image-220184\" srcset=\"https:\/\/migracao.redenoticia.com.br\/noticia\/imagens\/cara-e-coragem.jpg 1280w, https:\/\/migracao.redenoticia.com.br\/noticia\/imagens\/cara-e-coragem-250x140.jpg 250w, https:\/\/migracao.redenoticia.com.br\/noticia\/imagens\/cara-e-coragem-400x225.jpg 400w, https:\/\/migracao.redenoticia.com.br\/noticia\/imagens\/cara-e-coragem-768x432.jpg 768w, https:\/\/migracao.redenoticia.com.br\/noticia\/imagens\/cara-e-coragem-150x84.jpg 150w\" sizes=\"auto, (max-width: 1280px) 100vw, 1280px\" \/><\/p>\n<p><strong><em>Resumo da novela \u201cCara e Coragem\u201d<\/em><\/strong> em 25\/10: no cap\u00edtulo 128(*) da novela, Clarice fica arrasada ao perceber que \u00cdtalo e Anita est\u00e3o namorando. Fernanda n\u00e3o aceita o convite de Rebeca. Pat e Moa descobrem que o atentado \u00e0 padaria foi ordenado por Alexei. Pat e Moa estranham o sumi\u00e7o de \u00cdtalo. Clarice afirma para Jonathan que \u00cdtalo est\u00e1 com a modifica\u00e7\u00e3o da f\u00f3rmula. Marcela e Paulo decidem exumar o corpo de Clarice. Pat doa o dinheiro que recebeu de Clarice para o grupo de mulheres. Hugo se afasta de Enzo ao ver que est\u00e1 sendo fotografado por um paparazzi.<\/p>\n<p>Renan pede uma licen\u00e7a para Ol\u00edvia na companhia de dan\u00e7a. Rebeca v\u00ea na SG uma foto do av\u00f4 de Danilo com o pai de Martha, mas n\u00e3o o reconhece. Luana estranha ao ver Regina ser gentil com Martha. Clarice se lembra de uma conversa que teve com Danilo sobre Alexei e decide ir com Jonathan visitar a sala dele na SG. C\u00e9lia resolve morar com Rebeca, mas sem a filha Fernanda. Moa pede para se juntar a Pat. Leonardo v\u00ea Clarice na SG e acredita ser uma vis\u00e3o.<\/p>\n<p>(*) edi\u00e7\u00e3o das novelas da Globo, \u201cCara e Coragem\u201d, sujeito a altera\u00e7\u00e3o de data e conte\u00fado.<\/p>\n<p>Sinopse \u201cCara e Coragem\u201d: Os dubl\u00eas profissionais Pat e Moa ter\u00e3o seus caminhos tra\u00e7ados com o da empres\u00e1ria Clarice Gusm\u00e3o, diretora da Sider\u00fargica Gusm\u00e3o e inventora de uma f\u00f3rmula secreta milion\u00e1ria, que ser\u00e1 invejada por Leonardo, irm\u00e3o de Clarice, sua amante Regina, e Danilo, tamb\u00e9m empres\u00e1rio.<\/p>\n<p>Enquanto os dubl\u00eas se descobrir\u00e3o apaixonados um pelo outro, mesmo que eles n\u00e3o admitam, Clarice ter\u00e1 um caso com \u00cdtalo, um instrutor de parkur, al\u00e9m de outros segredos obscuros dentro da trama. Uma reviravolta em sua vida acontece ao descobrir a exist\u00eancia de Anita, uma s\u00f3sia sua, mas com uma personalidade totalmente oposta.<\/p>\n","protected":false},"excerpt":{"rendered":"<p>Resumo da novela \u201cCara e Coragem\u201d em 25\/10: no cap\u00edtulo 128(*) da novela, Clarice fica arrasada ao perceber que \u00cdtalo e Anita est\u00e3o namorando. Fernanda n\u00e3o aceita o convite de Rebeca. Pat e Moa descobrem que o atentado \u00e0 padaria foi ordenado por Alexei. Pat e Moa estranham o sumi\u00e7o de \u00cdtalo. Clarice afirma para [&hellip;]<\/p>\n","protected":false},"author":2,"featured_media":220185,"comment_status":"closed","ping_status":"closed","sticky":false,"template":"","format":"standard","meta":{"tdm_status":"","tdm_grid_status":"","footnotes":""},"categories":[2281,379,375,2025,343],"tags":[441],"class_list":{"0":"post-225508","1":"post","2":"type-post","3":"status-publish","4":"format-standard","5":"has-post-thumbnail","7":"category-cara-e-coragem","8":"category-novelas","9":"category-rede-globo","10":"category-resumo","11":"category-televisao","12":"tag-resumo-do-dia"},"_links":{"self":[{"href":"https:\/\/migracao.redenoticia.com.br\/noticia\/wp-json\/wp\/v2\/posts\/225508","targetHints":{"allow":["GET"]}}],"collection":[{"href":"https:\/\/migracao.redenoticia.com.br\/noticia\/wp-json\/wp\/v2\/posts"}],"about":[{"href":"https:\/\/migracao.redenoticia.com.br\/noticia\/wp-json\/wp\/v2\/types\/post"}],"author":[{"embeddable":true,"href":"https:\/\/migracao.redenoticia.com.br\/noticia\/wp-json\/wp\/v2\/users\/2"}],"replies":[{"embeddable":true,"href":"https:\/\/migracao.redenoticia.com.br\/noticia\/wp-json\/wp\/v2\/comments?post=225508"}],"version-history":[{"count":0,"href":"https:\/\/migracao.redenoticia.com.br\/noticia\/wp-json\/wp\/v2\/posts\/225508\/revisions"}],"wp:featuredmedia":[{"embeddable":true,"href":"https:\/\/migracao.redenoticia.com.br\/noticia\/wp-json\/wp\/v2\/media\/220185"}],"wp:attachment":[{"href":"https:\/\/migracao.redenoticia.com.br\/noticia\/wp-json\/wp\/v2\/media?parent=225508"}],"wp:term":[{"taxonomy":"category","embeddable":true,"href":"https:\/\/migracao.redenoticia.com.br\/noticia\/wp-json\/wp\/v2\/categories?post=225508"},{"taxonomy":"post_tag","embeddable":true,"href":"https:\/\/migracao.redenoticia.com.br\/noticia\/wp-json\/wp\/v2\/tags?post=225508"}],"curies":[{"name":"wp","href":"https:\/\/api.w.org\/{rel}","templated":true}]}}