{"id":225588,"date":"2022-10-26T15:38:47","date_gmt":"2022-10-26T18:38:47","guid":{"rendered":"https:\/\/www.redenoticia.com.br\/noticia\/?p=225588"},"modified":"2022-10-26T15:38:47","modified_gmt":"2022-10-26T18:38:47","slug":"resumo-cara-e-coragem-27-10-martha-da-um-tapa-em-regina","status":"publish","type":"post","link":"https:\/\/migracao.redenoticia.com.br\/noticia\/2022\/resumo-cara-e-coragem-27-10-martha-da-um-tapa-em-regina\/225588","title":{"rendered":"Resumo \u201cCara e Coragem\u201d 27\/10: Martha d\u00e1 um tapa em Regina"},"content":{"rendered":"<p> <img loading=\"lazy\" decoding=\"async\" src=\"https:\/\/migracao.redenoticia.com.br\/noticia\/imagens\/cara-e-coragem.jpg\" alt=\"\" width=\"1280\" height=\"720\" class=\"aligncenter size-full wp-image-220184\" srcset=\"https:\/\/migracao.redenoticia.com.br\/noticia\/imagens\/cara-e-coragem.jpg 1280w, https:\/\/migracao.redenoticia.com.br\/noticia\/imagens\/cara-e-coragem-250x140.jpg 250w, https:\/\/migracao.redenoticia.com.br\/noticia\/imagens\/cara-e-coragem-400x225.jpg 400w, https:\/\/migracao.redenoticia.com.br\/noticia\/imagens\/cara-e-coragem-768x432.jpg 768w, https:\/\/migracao.redenoticia.com.br\/noticia\/imagens\/cara-e-coragem-150x84.jpg 150w\" sizes=\"auto, (max-width: 1280px) 100vw, 1280px\" \/><\/p>\n<p><strong><em>Resumo da novela \u201cCara e Coragem\u201d<\/em><\/strong> em 27\/10: no cap\u00edtulo 130(*) da novela, Martha se emociona ao ver Clarice e pede que a filha explique tudo o que aconteceu. Regina se irrita com a postura de Danilo na SG. Pat e Moa conversam com os filhos sobre a ideia de morarem todos juntos. Clarice revela a Martha que Regina e Danilo contrataram Caio para afast\u00e1-la da SG. Gustavo \u00e9 transferido para o pres\u00eddio. Marcela e Paulo desconfiam da culpa do empres\u00e1rio. \u00cdtalo avisa Anita que voltar\u00e1 para o Rio de Janeiro. Rebeca conta para Danilo sobre a conversa que teve com Fernanda. <\/p>\n<p>Jonathan encontra Martha com Clarice e a abra\u00e7a emocionado. Hugo pede para Enzo n\u00e3o se afastar dele. J\u00e9ssica ajuda Duarte a se esconder de Hugo. Armandinho d\u00e1 presentes iguais para Dalva, Margareth e Cleide. Duarte fala que n\u00e3o ser\u00e1 mais Bob Wright, mas \u00e9 amea\u00e7ado por Danilo. Rebeca n\u00e3o gosta de saber que Chiquinho ir\u00e1 morar com Pat e seus filhos. Moa e Chiquinho chegam para ficar na casa de Pat, e Gui reage contrariado. Martha d\u00e1 um tapa em Regina.<\/p>\n<p>(*) edi\u00e7\u00e3o das novelas da Globo, \u201cCara e Coragem\u201d, sujeito a altera\u00e7\u00e3o de data e conte\u00fado.<\/p>\n<p>Sinopse \u201cCara e Coragem\u201d: Os dubl\u00eas profissionais Pat e Moa ter\u00e3o seus caminhos tra\u00e7ados com o da empres\u00e1ria Clarice Gusm\u00e3o, diretora da Sider\u00fargica Gusm\u00e3o e inventora de uma f\u00f3rmula secreta milion\u00e1ria, que ser\u00e1 invejada por Leonardo, irm\u00e3o de Clarice, sua amante Regina, e Danilo, tamb\u00e9m empres\u00e1rio.<\/p>\n<p>Enquanto os dubl\u00eas se descobrir\u00e3o apaixonados um pelo outro, mesmo que eles n\u00e3o admitam, Clarice ter\u00e1 um caso com \u00cdtalo, um instrutor de parkur, al\u00e9m de outros segredos obscuros dentro da trama. Uma reviravolta em sua vida acontece ao descobrir a exist\u00eancia de Anita, uma s\u00f3sia sua, mas com uma personalidade totalmente oposta.<\/p>\n","protected":false},"excerpt":{"rendered":"<p>Resumo da novela \u201cCara e Coragem\u201d em 27\/10: no cap\u00edtulo 130(*) da novela, Martha se emociona ao ver Clarice e pede que a filha explique tudo o que aconteceu. Regina se irrita com a postura de Danilo na SG. Pat e Moa conversam com os filhos sobre a ideia de morarem todos juntos. Clarice revela [&hellip;]<\/p>\n","protected":false},"author":3,"featured_media":220185,"comment_status":"closed","ping_status":"closed","sticky":false,"template":"","format":"standard","meta":{"tdm_status":"","tdm_grid_status":"","footnotes":""},"categories":[2281,379,375,2025,343],"tags":[441],"class_list":{"0":"post-225588","1":"post","2":"type-post","3":"status-publish","4":"format-standard","5":"has-post-thumbnail","7":"category-cara-e-coragem","8":"category-novelas","9":"category-rede-globo","10":"category-resumo","11":"category-televisao","12":"tag-resumo-do-dia"},"_links":{"self":[{"href":"https:\/\/migracao.redenoticia.com.br\/noticia\/wp-json\/wp\/v2\/posts\/225588","targetHints":{"allow":["GET"]}}],"collection":[{"href":"https:\/\/migracao.redenoticia.com.br\/noticia\/wp-json\/wp\/v2\/posts"}],"about":[{"href":"https:\/\/migracao.redenoticia.com.br\/noticia\/wp-json\/wp\/v2\/types\/post"}],"author":[{"embeddable":true,"href":"https:\/\/migracao.redenoticia.com.br\/noticia\/wp-json\/wp\/v2\/users\/3"}],"replies":[{"embeddable":true,"href":"https:\/\/migracao.redenoticia.com.br\/noticia\/wp-json\/wp\/v2\/comments?post=225588"}],"version-history":[{"count":0,"href":"https:\/\/migracao.redenoticia.com.br\/noticia\/wp-json\/wp\/v2\/posts\/225588\/revisions"}],"wp:featuredmedia":[{"embeddable":true,"href":"https:\/\/migracao.redenoticia.com.br\/noticia\/wp-json\/wp\/v2\/media\/220185"}],"wp:attachment":[{"href":"https:\/\/migracao.redenoticia.com.br\/noticia\/wp-json\/wp\/v2\/media?parent=225588"}],"wp:term":[{"taxonomy":"category","embeddable":true,"href":"https:\/\/migracao.redenoticia.com.br\/noticia\/wp-json\/wp\/v2\/categories?post=225588"},{"taxonomy":"post_tag","embeddable":true,"href":"https:\/\/migracao.redenoticia.com.br\/noticia\/wp-json\/wp\/v2\/tags?post=225588"}],"curies":[{"name":"wp","href":"https:\/\/api.w.org\/{rel}","templated":true}]}}