{"id":225627,"date":"2022-10-27T15:37:27","date_gmt":"2022-10-27T18:37:27","guid":{"rendered":"https:\/\/www.redenoticia.com.br\/noticia\/?p=225627"},"modified":"2022-10-27T15:37:27","modified_gmt":"2022-10-27T18:37:27","slug":"resumo-cara-e-coragem-28-10-martha-da-um-tapa-em-regina","status":"publish","type":"post","link":"https:\/\/migracao.redenoticia.com.br\/noticia\/2022\/resumo-cara-e-coragem-28-10-martha-da-um-tapa-em-regina\/225627","title":{"rendered":"Resumo \u201cCara e Coragem\u201d 28\/10: Martha d\u00e1 um tapa em Regina"},"content":{"rendered":"<p> <img loading=\"lazy\" decoding=\"async\" src=\"https:\/\/migracao.redenoticia.com.br\/noticia\/imagens\/cara-e-coragem.jpg\" alt=\"\" width=\"1280\" height=\"720\" class=\"aligncenter size-full wp-image-220184\" srcset=\"https:\/\/migracao.redenoticia.com.br\/noticia\/imagens\/cara-e-coragem.jpg 1280w, https:\/\/migracao.redenoticia.com.br\/noticia\/imagens\/cara-e-coragem-250x140.jpg 250w, https:\/\/migracao.redenoticia.com.br\/noticia\/imagens\/cara-e-coragem-400x225.jpg 400w, https:\/\/migracao.redenoticia.com.br\/noticia\/imagens\/cara-e-coragem-768x432.jpg 768w, https:\/\/migracao.redenoticia.com.br\/noticia\/imagens\/cara-e-coragem-150x84.jpg 150w\" sizes=\"auto, (max-width: 1280px) 100vw, 1280px\" \/><\/p>\n<p><strong><em>Resumo da novela \u201cCara e Coragem\u201d<\/em><\/strong> em 28\/10: no cap\u00edtulo 131(*) da novela, Regina e Martha discutem. Martha d\u00e1 um tapa em Regina. Pat consegue tranquilizar Gui, que aceita a estada de Moa e Chiquinho em sua casa. Duarte pede para J\u00e9ssica entregar uma carta de Bob para Andr\u00e9a. C\u00e9lia n\u00e3o consegue convencer Fernanda a morar com ela na casa de Rebeca. Danilo gosta de saber que Martha e Leonardo se desentenderam. Armandinho se apavora quando v\u00ea Cleide na pizzaria onde marcou com Dalva. <\/p>\n<p>\u00cdtalo conta para Pat e Moa sobre o envolvimento de Anita na morte de Clarice. O empres\u00e1rio pede que os dubl\u00eas s\u00f3 denunciem Danilo \u00e0 pol\u00edcia quando tiverem uma prova contra ele. Pat se lembra que seus \u00f3culos ca\u00edram na casa onde encontrou com Jonathan e resolve voltar ao local. J\u00e9ssica se prontifica a ajudar Renan depois de notar que ele n\u00e3o est\u00e1 bem. Moa e \u00cdtalo invadem a presid\u00eancia para falar com Danilo. Pat encontra Clarice.  <\/p>\n<p>(*) edi\u00e7\u00e3o das novelas da Globo, \u201cCara e Coragem\u201d, sujeito a altera\u00e7\u00e3o de data e conte\u00fado.<\/p>\n<p>Sinopse \u201cCara e Coragem\u201d: Os dubl\u00eas profissionais Pat e Moa ter\u00e3o seus caminhos tra\u00e7ados com o da empres\u00e1ria Clarice Gusm\u00e3o, diretora da Sider\u00fargica Gusm\u00e3o e inventora de uma f\u00f3rmula secreta milion\u00e1ria, que ser\u00e1 invejada por Leonardo, irm\u00e3o de Clarice, sua amante Regina, e Danilo, tamb\u00e9m empres\u00e1rio.<\/p>\n<p>Enquanto os dubl\u00eas se descobrir\u00e3o apaixonados um pelo outro, mesmo que eles n\u00e3o admitam, Clarice ter\u00e1 um caso com \u00cdtalo, um instrutor de parkur, al\u00e9m de outros segredos obscuros dentro da trama. Uma reviravolta em sua vida acontece ao descobrir a exist\u00eancia de Anita, uma s\u00f3sia sua, mas com uma personalidade totalmente oposta.<\/p>\n","protected":false},"excerpt":{"rendered":"<p>Resumo da novela \u201cCara e Coragem\u201d em 28\/10: no cap\u00edtulo 131(*) da novela, Regina e Martha discutem. Martha d\u00e1 um tapa em Regina. Pat consegue tranquilizar Gui, que aceita a estada de Moa e Chiquinho em sua casa. Duarte pede para J\u00e9ssica entregar uma carta de Bob para Andr\u00e9a. C\u00e9lia n\u00e3o consegue convencer Fernanda a [&hellip;]<\/p>\n","protected":false},"author":2,"featured_media":220185,"comment_status":"closed","ping_status":"closed","sticky":false,"template":"","format":"standard","meta":{"tdm_status":"","tdm_grid_status":"","footnotes":""},"categories":[2281,379,375,2025,343],"tags":[441],"class_list":{"0":"post-225627","1":"post","2":"type-post","3":"status-publish","4":"format-standard","5":"has-post-thumbnail","7":"category-cara-e-coragem","8":"category-novelas","9":"category-rede-globo","10":"category-resumo","11":"category-televisao","12":"tag-resumo-do-dia"},"_links":{"self":[{"href":"https:\/\/migracao.redenoticia.com.br\/noticia\/wp-json\/wp\/v2\/posts\/225627","targetHints":{"allow":["GET"]}}],"collection":[{"href":"https:\/\/migracao.redenoticia.com.br\/noticia\/wp-json\/wp\/v2\/posts"}],"about":[{"href":"https:\/\/migracao.redenoticia.com.br\/noticia\/wp-json\/wp\/v2\/types\/post"}],"author":[{"embeddable":true,"href":"https:\/\/migracao.redenoticia.com.br\/noticia\/wp-json\/wp\/v2\/users\/2"}],"replies":[{"embeddable":true,"href":"https:\/\/migracao.redenoticia.com.br\/noticia\/wp-json\/wp\/v2\/comments?post=225627"}],"version-history":[{"count":0,"href":"https:\/\/migracao.redenoticia.com.br\/noticia\/wp-json\/wp\/v2\/posts\/225627\/revisions"}],"wp:featuredmedia":[{"embeddable":true,"href":"https:\/\/migracao.redenoticia.com.br\/noticia\/wp-json\/wp\/v2\/media\/220185"}],"wp:attachment":[{"href":"https:\/\/migracao.redenoticia.com.br\/noticia\/wp-json\/wp\/v2\/media?parent=225627"}],"wp:term":[{"taxonomy":"category","embeddable":true,"href":"https:\/\/migracao.redenoticia.com.br\/noticia\/wp-json\/wp\/v2\/categories?post=225627"},{"taxonomy":"post_tag","embeddable":true,"href":"https:\/\/migracao.redenoticia.com.br\/noticia\/wp-json\/wp\/v2\/tags?post=225627"}],"curies":[{"name":"wp","href":"https:\/\/api.w.org\/{rel}","templated":true}]}}