{"id":225735,"date":"2022-10-30T18:13:44","date_gmt":"2022-10-30T21:13:44","guid":{"rendered":"https:\/\/www.redenoticia.com.br\/noticia\/?p=225735"},"modified":"2022-10-30T18:13:44","modified_gmt":"2022-10-30T21:13:44","slug":"resumo-cara-e-coragem-31-10-marcela-e-paulo-intimam-clarice","status":"publish","type":"post","link":"https:\/\/migracao.redenoticia.com.br\/noticia\/2022\/resumo-cara-e-coragem-31-10-marcela-e-paulo-intimam-clarice\/225735","title":{"rendered":"Resumo \u201cCara e Coragem\u201d 31\/10: Marcela e Paulo intimam Clarice"},"content":{"rendered":"<p> <img loading=\"lazy\" decoding=\"async\" src=\"https:\/\/migracao.redenoticia.com.br\/noticia\/imagens\/cara-e-coragem.jpg\" alt=\"\" width=\"1280\" height=\"720\" class=\"aligncenter size-full wp-image-220184\" srcset=\"https:\/\/migracao.redenoticia.com.br\/noticia\/imagens\/cara-e-coragem.jpg 1280w, https:\/\/migracao.redenoticia.com.br\/noticia\/imagens\/cara-e-coragem-250x140.jpg 250w, https:\/\/migracao.redenoticia.com.br\/noticia\/imagens\/cara-e-coragem-400x225.jpg 400w, https:\/\/migracao.redenoticia.com.br\/noticia\/imagens\/cara-e-coragem-768x432.jpg 768w, https:\/\/migracao.redenoticia.com.br\/noticia\/imagens\/cara-e-coragem-150x84.jpg 150w\" sizes=\"auto, (max-width: 1280px) 100vw, 1280px\" \/><\/p>\n<p><strong><em>Resumo da novela \u201cCara e Coragem\u201d<\/em><\/strong> em 31\/10: no cap\u00edtulo 133(*) da novela, Danilo estranha quando Martha fala sobre a presid\u00eancia da SG durante o evento. Leonardo reassume a presid\u00eancia, e Danilo reage contrariado. \u00cdtalo chega ao local do evento e Pat e Moa n\u00e3o conseguem falar com ele. Clarice faz apari\u00e7\u00e3o triunfal no evento. Com sua imagem projetada no tel\u00e3o, ela interrompe o discurso de Leonardo e, em seguida,  surpreende a todos ao surgir \u2018ao vivo\u2019 no evento. <\/p>\n<p>Clarice sobe ao palco e discursa para os convidados. Leonardo, Danilo e Regina incr\u00e9dulos. Martha, Jonathan e Luana c\u00famplices se emocionam. Clarice \u00e9 cercada pelos jornalistas e tenta falar com \u00cdtalo, que vai embora abalado depois de constatar que a empres\u00e1ria est\u00e1 viva. Regina e Danilo pro\u00edbem Leonardo de falar com Clarice sobre o que eles fizeram na noite em que ela supostamente morreu. <\/p>\n<p>Marcela e Paulo intimam Clarice a ir at\u00e9 a delegacia. Jarbas revela a \u00cdtalo, Pat e Moa o que descobriu sobre a investiga\u00e7\u00e3o da morte de Clarice. Rico repreende Joca por tentar se insinuar para Teca. Jonathan procura \u00cdtalo. Clarice vai \u00e0 delegacia. <\/p>\n<p>(*) edi\u00e7\u00e3o das novelas da Globo, \u201cCara e Coragem\u201d, sujeito a altera\u00e7\u00e3o de data e conte\u00fado.<\/p>\n<p>Sinopse \u201cCara e Coragem\u201d: Os dubl\u00eas profissionais Pat e Moa ter\u00e3o seus caminhos tra\u00e7ados com o da empres\u00e1ria Clarice Gusm\u00e3o, diretora da Sider\u00fargica Gusm\u00e3o e inventora de uma f\u00f3rmula secreta milion\u00e1ria, que ser\u00e1 invejada por Leonardo, irm\u00e3o de Clarice, sua amante Regina, e Danilo, tamb\u00e9m empres\u00e1rio.<\/p>\n<p>Enquanto os dubl\u00eas se descobrir\u00e3o apaixonados um pelo outro, mesmo que eles n\u00e3o admitam, Clarice ter\u00e1 um caso com \u00cdtalo, um instrutor de parkur, al\u00e9m de outros segredos obscuros dentro da trama. Uma reviravolta em sua vida acontece ao descobrir a exist\u00eancia de Anita, uma s\u00f3sia sua, mas com uma personalidade totalmente oposta.<\/p>\n","protected":false},"excerpt":{"rendered":"<p>Resumo da novela \u201cCara e Coragem\u201d em 31\/10: no cap\u00edtulo 133(*) da novela, Danilo estranha quando Martha fala sobre a presid\u00eancia da SG durante o evento. Leonardo reassume a presid\u00eancia, e Danilo reage contrariado. \u00cdtalo chega ao local do evento e Pat e Moa n\u00e3o conseguem falar com ele. Clarice faz apari\u00e7\u00e3o triunfal no evento. [&hellip;]<\/p>\n","protected":false},"author":4,"featured_media":220185,"comment_status":"closed","ping_status":"closed","sticky":false,"template":"","format":"standard","meta":{"tdm_status":"","tdm_grid_status":"","footnotes":""},"categories":[2281,379,375,2025,343],"tags":[441],"class_list":{"0":"post-225735","1":"post","2":"type-post","3":"status-publish","4":"format-standard","5":"has-post-thumbnail","7":"category-cara-e-coragem","8":"category-novelas","9":"category-rede-globo","10":"category-resumo","11":"category-televisao","12":"tag-resumo-do-dia"},"_links":{"self":[{"href":"https:\/\/migracao.redenoticia.com.br\/noticia\/wp-json\/wp\/v2\/posts\/225735","targetHints":{"allow":["GET"]}}],"collection":[{"href":"https:\/\/migracao.redenoticia.com.br\/noticia\/wp-json\/wp\/v2\/posts"}],"about":[{"href":"https:\/\/migracao.redenoticia.com.br\/noticia\/wp-json\/wp\/v2\/types\/post"}],"author":[{"embeddable":true,"href":"https:\/\/migracao.redenoticia.com.br\/noticia\/wp-json\/wp\/v2\/users\/4"}],"replies":[{"embeddable":true,"href":"https:\/\/migracao.redenoticia.com.br\/noticia\/wp-json\/wp\/v2\/comments?post=225735"}],"version-history":[{"count":0,"href":"https:\/\/migracao.redenoticia.com.br\/noticia\/wp-json\/wp\/v2\/posts\/225735\/revisions"}],"wp:featuredmedia":[{"embeddable":true,"href":"https:\/\/migracao.redenoticia.com.br\/noticia\/wp-json\/wp\/v2\/media\/220185"}],"wp:attachment":[{"href":"https:\/\/migracao.redenoticia.com.br\/noticia\/wp-json\/wp\/v2\/media?parent=225735"}],"wp:term":[{"taxonomy":"category","embeddable":true,"href":"https:\/\/migracao.redenoticia.com.br\/noticia\/wp-json\/wp\/v2\/categories?post=225735"},{"taxonomy":"post_tag","embeddable":true,"href":"https:\/\/migracao.redenoticia.com.br\/noticia\/wp-json\/wp\/v2\/tags?post=225735"}],"curies":[{"name":"wp","href":"https:\/\/api.w.org\/{rel}","templated":true}]}}