{"id":225747,"date":"2022-11-01T08:56:08","date_gmt":"2022-11-01T11:56:08","guid":{"rendered":"https:\/\/www.redenoticia.com.br\/noticia\/?p=225747"},"modified":"2022-11-01T08:56:11","modified_gmt":"2022-11-01T11:56:11","slug":"resumo-a-favorita-01-11-flora-avisa-a-dodi-que-donatela-esta-viva","status":"publish","type":"post","link":"https:\/\/migracao.redenoticia.com.br\/noticia\/2022\/resumo-a-favorita-01-11-flora-avisa-a-dodi-que-donatela-esta-viva\/225747","title":{"rendered":"Resumo &#8220;A Favorita&#8221; 01\/11: Flora denuncia para a pol\u00edcia que Donatela est\u00e1 viva"},"content":{"rendered":"<p><img loading=\"lazy\" decoding=\"async\" src=\"https:\/\/migracao.redenoticia.com.br\/noticia\/imagens\/afavorita2.jpg\" alt=\"\" width=\"1280\" height=\"720\" class=\"aligncenter size-full wp-image-219854\" srcset=\"https:\/\/migracao.redenoticia.com.br\/noticia\/imagens\/afavorita2.jpg 1280w, https:\/\/migracao.redenoticia.com.br\/noticia\/imagens\/afavorita2-250x140.jpg 250w, https:\/\/migracao.redenoticia.com.br\/noticia\/imagens\/afavorita2-400x225.jpg 400w, https:\/\/migracao.redenoticia.com.br\/noticia\/imagens\/afavorita2-768x432.jpg 768w, https:\/\/migracao.redenoticia.com.br\/noticia\/imagens\/afavorita2-150x84.jpg 150w\" sizes=\"auto, (max-width: 1280px) 100vw, 1280px\" \/><\/p>\n<p><em><strong>Resumo da novela &#8220;A Favorita&#8221;<\/strong><\/em> em 01\/11: no cap\u00edtulo 121(*) da novela, Flora conversa com Donatela e acredita estar diante de um fantasma. Flora descobre a farsa montada por Donatela e amea\u00e7a entreg\u00e1-la para a pol\u00edcia. Z\u00e9 Bob defende Donatela e os dois fogem. Flora, at\u00f4nita, conta para Silveirinha que Donatela est\u00e1 viva e o mordomo finge espanto. Catarina e Vanderlei dormem juntos pela primeira vez. Leo aparece na casa de Catarina e faz um esc\u00e2ndalo ao ver Vanderlei. <\/p>\n<p>Copola afasta Leo. Sharon e Luma tentam seduzir Orlandinho, mas ele n\u00e3o cede aos encantos das duas e garante ser fiel a C\u00e9u. Elias relembra os momentos felizes que passou ao lado de Dedina. Elias sugere a Didu que ele seja o novo prefeito de Triunfo. Flora comenta com Silveirinha que ter\u00e1 que provar que Donatela est\u00e1 viva antes de denunci\u00e1-la \u00e0 pol\u00edcia. Z\u00e9 Bob e Donatela se escondem no P\u00e3o com Ling\u00fci\u00e7a. Didu conversa com Rita e Al\u00edcia sobre a possibilidade de ser o sucessor de Elias na prefeitura. A casa de Romildo \u00e9 desapropriada e Dulce vai morar com Rita. <\/p>\n<p>Cassiano conversa com Copola sobre a rela\u00e7\u00e3o do av\u00f4 e Irene. Al\u00edcia visita Cassiano e demonstra que ainda gosta dele. Cida confessa a Catarina que perdeu as esperan\u00e7as de se casar. Flora denuncia para a pol\u00edcia que Donatela est\u00e1 viva e o delegado comunica que ter\u00e1 que exumar o corpo enterrado como o dela. Lara comenta com Donatela que n\u00e3o confia em Silveirinha. Z\u00e9 Bob pede a Halley para chamar Cilene ao F\u00f3rum para depor junto com Baiano. Baiano comenta com Z\u00e9 Bob que teme por sua vida ap\u00f3s o depoimento. Flora vai \u00e0 cadeia e avisa a Dodi que Donatela est\u00e1 viva.<\/p>\n<p>(*) edi\u00e7\u00e3o das novelas da Globo, &#8220;A Favorita&#8221;, sujeito a altera\u00e7\u00e3o de data e conte\u00fado.<\/p>\n<p>Sinopse &#8220;A Favorita&#8221;: Donatela perdeu seus pais num acidente de carro e foi adotada pela fam\u00edlia de Flora, assim, as duas cresceram como irm\u00e3s. Elas sempre tiveram talento para o canto e chegaram a formar uma dupla sertaneja: Fa\u00edsca e Espoleta. As cantoras fizeram sucesso, mas sua carreira foi interrompida depois que conheceram os amigos Marcelo e Dodi. Donatela casou-se com Marcelo e Flora com Dodi, mas o casamento da primeira foi conturbado. O primeiro filho do casal desapareceu com seis meses de idade, e al\u00e9m disso, Flora teve um caso com o marido da melhor amiga, j\u00e1 separada de Dodi e dessa rela\u00e7\u00e3o nasceu Lara, o que a distanciou ainda mais de sua irm\u00e3 de cria\u00e7\u00e3o.<\/p>\n<p>No pior momento de disc\u00f3rdia entre as duas, Marcelo \u00e9 assassinado, e a culpa recai sobre Flora, que foi pega com a arma do crime, sendo sentenciada a dezoito anos de reclus\u00e3o, separando-se assim de sua filha, que \u00e9 adotada e criada por Donatela. Ao sair da pris\u00e3o, Flora quer provar sua inoc\u00eancia, com a ideia de que a verdadeira culpada foi sua ex-amiga. Donatela, por sua vez, faz de tudo para que Lara n\u00e3o se aproxime de sua m\u00e3e biol\u00f3gica, e a menina se torna o alvo da disputa entre as duas.<\/p>\n","protected":false},"excerpt":{"rendered":"<p>Resumo da novela &#8220;A Favorita&#8221; em 01\/11: no cap\u00edtulo 121(*) da novela, Flora conversa com Donatela e acredita estar diante de um fantasma. Flora descobre a farsa montada por Donatela e amea\u00e7a entreg\u00e1-la para a pol\u00edcia. Z\u00e9 Bob defende Donatela e os dois fogem. Flora, at\u00f4nita, conta para Silveirinha que Donatela est\u00e1 viva e o [&hellip;]<\/p>\n","protected":false},"author":4,"featured_media":219850,"comment_status":"closed","ping_status":"closed","sticky":false,"template":"","format":"standard","meta":{"tdm_status":"","tdm_grid_status":"","footnotes":""},"categories":[2278,379,375,2025,343],"tags":[441],"class_list":{"0":"post-225747","1":"post","2":"type-post","3":"status-publish","4":"format-standard","5":"has-post-thumbnail","7":"category-a-favorita","8":"category-novelas","9":"category-rede-globo","10":"category-resumo","11":"category-televisao","12":"tag-resumo-do-dia"},"_links":{"self":[{"href":"https:\/\/migracao.redenoticia.com.br\/noticia\/wp-json\/wp\/v2\/posts\/225747","targetHints":{"allow":["GET"]}}],"collection":[{"href":"https:\/\/migracao.redenoticia.com.br\/noticia\/wp-json\/wp\/v2\/posts"}],"about":[{"href":"https:\/\/migracao.redenoticia.com.br\/noticia\/wp-json\/wp\/v2\/types\/post"}],"author":[{"embeddable":true,"href":"https:\/\/migracao.redenoticia.com.br\/noticia\/wp-json\/wp\/v2\/users\/4"}],"replies":[{"embeddable":true,"href":"https:\/\/migracao.redenoticia.com.br\/noticia\/wp-json\/wp\/v2\/comments?post=225747"}],"version-history":[{"count":0,"href":"https:\/\/migracao.redenoticia.com.br\/noticia\/wp-json\/wp\/v2\/posts\/225747\/revisions"}],"wp:featuredmedia":[{"embeddable":true,"href":"https:\/\/migracao.redenoticia.com.br\/noticia\/wp-json\/wp\/v2\/media\/219850"}],"wp:attachment":[{"href":"https:\/\/migracao.redenoticia.com.br\/noticia\/wp-json\/wp\/v2\/media?parent=225747"}],"wp:term":[{"taxonomy":"category","embeddable":true,"href":"https:\/\/migracao.redenoticia.com.br\/noticia\/wp-json\/wp\/v2\/categories?post=225747"},{"taxonomy":"post_tag","embeddable":true,"href":"https:\/\/migracao.redenoticia.com.br\/noticia\/wp-json\/wp\/v2\/tags?post=225747"}],"curies":[{"name":"wp","href":"https:\/\/api.w.org\/{rel}","templated":true}]}}