{"id":225751,"date":"2022-10-31T15:44:57","date_gmt":"2022-10-31T18:44:57","guid":{"rendered":"https:\/\/www.redenoticia.com.br\/noticia\/?p=225751"},"modified":"2022-10-31T15:44:57","modified_gmt":"2022-10-31T18:44:57","slug":"resumo-cara-e-coragem-01-11-pat-tem-uma-suspeita-sobre-o-paradeiro-de-anita","status":"publish","type":"post","link":"https:\/\/migracao.redenoticia.com.br\/noticia\/2022\/resumo-cara-e-coragem-01-11-pat-tem-uma-suspeita-sobre-o-paradeiro-de-anita\/225751","title":{"rendered":"Resumo \u201cCara e Coragem\u201d 01\/11: Pat tem uma suspeita sobre o paradeiro de Anita"},"content":{"rendered":"<p> <img loading=\"lazy\" decoding=\"async\" src=\"https:\/\/migracao.redenoticia.com.br\/noticia\/imagens\/cara-e-coragem.jpg\" alt=\"\" width=\"1280\" height=\"720\" class=\"aligncenter size-full wp-image-220184\" srcset=\"https:\/\/migracao.redenoticia.com.br\/noticia\/imagens\/cara-e-coragem.jpg 1280w, https:\/\/migracao.redenoticia.com.br\/noticia\/imagens\/cara-e-coragem-250x140.jpg 250w, https:\/\/migracao.redenoticia.com.br\/noticia\/imagens\/cara-e-coragem-400x225.jpg 400w, https:\/\/migracao.redenoticia.com.br\/noticia\/imagens\/cara-e-coragem-768x432.jpg 768w, https:\/\/migracao.redenoticia.com.br\/noticia\/imagens\/cara-e-coragem-150x84.jpg 150w\" sizes=\"auto, (max-width: 1280px) 100vw, 1280px\" \/><\/p>\n<p><strong><em>Resumo da novela \u201cCara e Coragem\u201d<\/em><\/strong> em 01\/11: no cap\u00edtulo 134(*) da novela, Clarice explica sua hist\u00f3ria para Marcela e Paulo. Jonathan conta para \u00cdtalo que Clarice o viu com Anita. Pat e Moa decidem ir at\u00e9 a empresa de seguran\u00e7a de \u00cdtalo. Duarte pede para trabalhar na loja do tio de J\u00e9ssica. Enzo v\u00ea Hugo com M\u00e1rcia e fica enciumado. <\/p>\n<p>Alfredo se desentende com Moa por causa dos filhos. Anita despista o seguran\u00e7a que \u00cdtalo deixou com ela. J\u00e9ssica se desespera ao descobrir que Clarice n\u00e3o morreu. Regina vibra com a not\u00edcia de que Clarice n\u00e3o pode assumir a presid\u00eancia da SG. \u00cdtalo confirma para Pat e Moa que a modifica\u00e7\u00e3o da f\u00f3rmula est\u00e1 em sua tatuagem. Lucas comenta com Lou sobre o estado de Renan. <\/p>\n<p>Pat tem uma suspeita sobre o paradeiro de Anita. \u00cdsis entra na casa de Renan no momento em que ele beija Lou \u00e0 for\u00e7a. Luana entrega a Clarice um dossi\u00ea com os desmandos de Leonardo na SG. Pat encontra Anita. Clarice fica frente a frente com Regina e Leonardo. <\/p>\n<p>(*) edi\u00e7\u00e3o das novelas da Globo, \u201cCara e Coragem\u201d, sujeito a altera\u00e7\u00e3o de data e conte\u00fado.<\/p>\n<p>Sinopse \u201cCara e Coragem\u201d: Os dubl\u00eas profissionais Pat e Moa ter\u00e3o seus caminhos tra\u00e7ados com o da empres\u00e1ria Clarice Gusm\u00e3o, diretora da Sider\u00fargica Gusm\u00e3o e inventora de uma f\u00f3rmula secreta milion\u00e1ria, que ser\u00e1 invejada por Leonardo, irm\u00e3o de Clarice, sua amante Regina, e Danilo, tamb\u00e9m empres\u00e1rio.<\/p>\n<p>Enquanto os dubl\u00eas se descobrir\u00e3o apaixonados um pelo outro, mesmo que eles n\u00e3o admitam, Clarice ter\u00e1 um caso com \u00cdtalo, um instrutor de parkur, al\u00e9m de outros segredos obscuros dentro da trama. Uma reviravolta em sua vida acontece ao descobrir a exist\u00eancia de Anita, uma s\u00f3sia sua, mas com uma personalidade totalmente oposta.<\/p>\n","protected":false},"excerpt":{"rendered":"<p>Resumo da novela \u201cCara e Coragem\u201d em 01\/11: no cap\u00edtulo 134(*) da novela, Clarice explica sua hist\u00f3ria para Marcela e Paulo. Jonathan conta para \u00cdtalo que Clarice o viu com Anita. Pat e Moa decidem ir at\u00e9 a empresa de seguran\u00e7a de \u00cdtalo. Duarte pede para trabalhar na loja do tio de J\u00e9ssica. Enzo v\u00ea [&hellip;]<\/p>\n","protected":false},"author":2,"featured_media":220185,"comment_status":"closed","ping_status":"closed","sticky":false,"template":"","format":"standard","meta":{"tdm_status":"","tdm_grid_status":"","footnotes":""},"categories":[2281,379,375,2025,343],"tags":[441],"class_list":{"0":"post-225751","1":"post","2":"type-post","3":"status-publish","4":"format-standard","5":"has-post-thumbnail","7":"category-cara-e-coragem","8":"category-novelas","9":"category-rede-globo","10":"category-resumo","11":"category-televisao","12":"tag-resumo-do-dia"},"_links":{"self":[{"href":"https:\/\/migracao.redenoticia.com.br\/noticia\/wp-json\/wp\/v2\/posts\/225751","targetHints":{"allow":["GET"]}}],"collection":[{"href":"https:\/\/migracao.redenoticia.com.br\/noticia\/wp-json\/wp\/v2\/posts"}],"about":[{"href":"https:\/\/migracao.redenoticia.com.br\/noticia\/wp-json\/wp\/v2\/types\/post"}],"author":[{"embeddable":true,"href":"https:\/\/migracao.redenoticia.com.br\/noticia\/wp-json\/wp\/v2\/users\/2"}],"replies":[{"embeddable":true,"href":"https:\/\/migracao.redenoticia.com.br\/noticia\/wp-json\/wp\/v2\/comments?post=225751"}],"version-history":[{"count":0,"href":"https:\/\/migracao.redenoticia.com.br\/noticia\/wp-json\/wp\/v2\/posts\/225751\/revisions"}],"wp:featuredmedia":[{"embeddable":true,"href":"https:\/\/migracao.redenoticia.com.br\/noticia\/wp-json\/wp\/v2\/media\/220185"}],"wp:attachment":[{"href":"https:\/\/migracao.redenoticia.com.br\/noticia\/wp-json\/wp\/v2\/media?parent=225751"}],"wp:term":[{"taxonomy":"category","embeddable":true,"href":"https:\/\/migracao.redenoticia.com.br\/noticia\/wp-json\/wp\/v2\/categories?post=225751"},{"taxonomy":"post_tag","embeddable":true,"href":"https:\/\/migracao.redenoticia.com.br\/noticia\/wp-json\/wp\/v2\/tags?post=225751"}],"curies":[{"name":"wp","href":"https:\/\/api.w.org\/{rel}","templated":true}]}}