{"id":225782,"date":"2022-11-01T17:47:29","date_gmt":"2022-11-01T20:47:29","guid":{"rendered":"https:\/\/www.redenoticia.com.br\/noticia\/?p=225782"},"modified":"2022-11-01T17:47:29","modified_gmt":"2022-11-01T20:47:29","slug":"resumo-a-favorita-02-11-dodi-descobre-esconderijo-e-surpreende-donatela","status":"publish","type":"post","link":"https:\/\/migracao.redenoticia.com.br\/noticia\/2022\/resumo-a-favorita-02-11-dodi-descobre-esconderijo-e-surpreende-donatela\/225782","title":{"rendered":"Resumo &#8220;A Favorita&#8221; 02\/11: Dodi descobre esconderijo e surpreende Donatela"},"content":{"rendered":"<p> <img loading=\"lazy\" decoding=\"async\" src=\"https:\/\/migracao.redenoticia.com.br\/noticia\/imagens\/afavorita2.jpg\" alt=\"\" width=\"1280\" height=\"720\" class=\"aligncenter size-full wp-image-219854\" srcset=\"https:\/\/migracao.redenoticia.com.br\/noticia\/imagens\/afavorita2.jpg 1280w, https:\/\/migracao.redenoticia.com.br\/noticia\/imagens\/afavorita2-250x140.jpg 250w, https:\/\/migracao.redenoticia.com.br\/noticia\/imagens\/afavorita2-400x225.jpg 400w, https:\/\/migracao.redenoticia.com.br\/noticia\/imagens\/afavorita2-768x432.jpg 768w, https:\/\/migracao.redenoticia.com.br\/noticia\/imagens\/afavorita2-150x84.jpg 150w\" sizes=\"auto, (max-width: 1280px) 100vw, 1280px\" \/><\/p>\n<p><em><strong>Resumo da novela &#8220;A Favorita&#8221;<\/strong><\/em> em 02\/11: no cap\u00edtulo 122(*) da novela, Dodi n\u00e3o acredita que Donatela esteja viva e amea\u00e7a entregar o DVD \u00e0 pol\u00edcia se Flora n\u00e3o tir\u00e1-lo da cadeia. Cilene e Baiano prestam depoimento. Flora avisa a Silveirinha que pagou a fian\u00e7a de Dodi. A vil\u00e3 decide contratar detetives para encontrar Donatela. Silveirinha aconselha Donatela a fugir da cidade. Z\u00e9 Bob diz para ela que n\u00e3o confia em Silveirinha. <\/p>\n<p>Dodi chega ao rancho e se espanta com a decora\u00e7\u00e3o de Flora, que revela sua obsess\u00e3o por Donatela. O advogado de Flora avisa que algu\u00e9m tentou reabrir o processo da morte de Salvatore. Copola comunica a Irene que a f\u00e1brica est\u00e1 conseguindo honrar os compromissos. Lara convida Halley para sair com Cassiano e Luciana. Halley e Luciana se beijam e Cassiano nota que Lara sente ci\u00fames de Halley. Z\u00e9 Bob, Cilene, Halley e Baiano ficam inconformados quando o promotor anuncia que n\u00e3o h\u00e1 requisitos para pedir a revis\u00e3o criminal do caso de Salvatore. Flora comemora. <\/p>\n<p>Dodi fica intrigado ao encontrar o pingente de Donatela no ch\u00e3o do rancho. Catarina est\u00e1 euf\u00f3rica com Vanderlei. Stela percebe a felicidade da amiga e demonstra ci\u00fame. Dami\u00e3o resolve visitar Dedina, os dois se emocionam e ela passa mal. Dodi sonda Silveirinha sobre Donatela e o mordomo disfar\u00e7a, dizendo ser del\u00edrio de Flora. Dodi segue Z\u00e9 Bob e desconfia quando o avista pr\u00f3ximo ao P\u00e3o com Ling\u00fci\u00e7a. Z\u00e9 Bob diz a Donatela que eles precisam arrumar um novo esconderijo. Dodi se esconde no banheiro do bar, sem que Pepe veja. Dodi descobre o esconderijo e surpreende Donatela.<\/p>\n<p>(*) edi\u00e7\u00e3o das novelas da Globo, &#8220;A Favorita&#8221;, sujeito a altera\u00e7\u00e3o de data e conte\u00fado.<\/p>\n<p>Sinopse &#8220;A Favorita&#8221;: Donatela perdeu seus pais num acidente de carro e foi adotada pela fam\u00edlia de Flora, assim, as duas cresceram como irm\u00e3s. Elas sempre tiveram talento para o canto e chegaram a formar uma dupla sertaneja: Fa\u00edsca e Espoleta. As cantoras fizeram sucesso, mas sua carreira foi interrompida depois que conheceram os amigos Marcelo e Dodi. Donatela casou-se com Marcelo e Flora com Dodi, mas o casamento da primeira foi conturbado. O primeiro filho do casal desapareceu com seis meses de idade, e al\u00e9m disso, Flora teve um caso com o marido da melhor amiga, j\u00e1 separada de Dodi e dessa rela\u00e7\u00e3o nasceu Lara, o que a distanciou ainda mais de sua irm\u00e3 de cria\u00e7\u00e3o.<\/p>\n<p>No pior momento de disc\u00f3rdia entre as duas, Marcelo \u00e9 assassinado, e a culpa recai sobre Flora, que foi pega com a arma do crime, sendo sentenciada a dezoito anos de reclus\u00e3o, separando-se assim de sua filha, que \u00e9 adotada e criada por Donatela. Ao sair da pris\u00e3o, Flora quer provar sua inoc\u00eancia, com a ideia de que a verdadeira culpada foi sua ex-amiga. Donatela, por sua vez, faz de tudo para que Lara n\u00e3o se aproxime de sua m\u00e3e biol\u00f3gica, e a menina se torna o alvo da disputa entre as duas.<\/p>\n","protected":false},"excerpt":{"rendered":"<p>Resumo da novela &#8220;A Favorita&#8221; em 02\/11: no cap\u00edtulo 122(*) da novela, Dodi n\u00e3o acredita que Donatela esteja viva e amea\u00e7a entregar o DVD \u00e0 pol\u00edcia se Flora n\u00e3o tir\u00e1-lo da cadeia. Cilene e Baiano prestam depoimento. Flora avisa a Silveirinha que pagou a fian\u00e7a de Dodi. A vil\u00e3 decide contratar detetives para encontrar Donatela. [&hellip;]<\/p>\n","protected":false},"author":2,"featured_media":219850,"comment_status":"closed","ping_status":"closed","sticky":false,"template":"","format":"standard","meta":{"tdm_status":"","tdm_grid_status":"","footnotes":""},"categories":[2278,379,375,2025,343],"tags":[441],"class_list":{"0":"post-225782","1":"post","2":"type-post","3":"status-publish","4":"format-standard","5":"has-post-thumbnail","7":"category-a-favorita","8":"category-novelas","9":"category-rede-globo","10":"category-resumo","11":"category-televisao","12":"tag-resumo-do-dia"},"_links":{"self":[{"href":"https:\/\/migracao.redenoticia.com.br\/noticia\/wp-json\/wp\/v2\/posts\/225782","targetHints":{"allow":["GET"]}}],"collection":[{"href":"https:\/\/migracao.redenoticia.com.br\/noticia\/wp-json\/wp\/v2\/posts"}],"about":[{"href":"https:\/\/migracao.redenoticia.com.br\/noticia\/wp-json\/wp\/v2\/types\/post"}],"author":[{"embeddable":true,"href":"https:\/\/migracao.redenoticia.com.br\/noticia\/wp-json\/wp\/v2\/users\/2"}],"replies":[{"embeddable":true,"href":"https:\/\/migracao.redenoticia.com.br\/noticia\/wp-json\/wp\/v2\/comments?post=225782"}],"version-history":[{"count":0,"href":"https:\/\/migracao.redenoticia.com.br\/noticia\/wp-json\/wp\/v2\/posts\/225782\/revisions"}],"wp:featuredmedia":[{"embeddable":true,"href":"https:\/\/migracao.redenoticia.com.br\/noticia\/wp-json\/wp\/v2\/media\/219850"}],"wp:attachment":[{"href":"https:\/\/migracao.redenoticia.com.br\/noticia\/wp-json\/wp\/v2\/media?parent=225782"}],"wp:term":[{"taxonomy":"category","embeddable":true,"href":"https:\/\/migracao.redenoticia.com.br\/noticia\/wp-json\/wp\/v2\/categories?post=225782"},{"taxonomy":"post_tag","embeddable":true,"href":"https:\/\/migracao.redenoticia.com.br\/noticia\/wp-json\/wp\/v2\/tags?post=225782"}],"curies":[{"name":"wp","href":"https:\/\/api.w.org\/{rel}","templated":true}]}}