{"id":225815,"date":"2022-11-02T18:00:09","date_gmt":"2022-11-02T21:00:09","guid":{"rendered":"https:\/\/www.redenoticia.com.br\/noticia\/?p=225815"},"modified":"2022-11-02T18:00:09","modified_gmt":"2022-11-02T21:00:09","slug":"resumo-a-favorita-03-11-dodi-leva-donatela-a-forca-para-o-carro","status":"publish","type":"post","link":"https:\/\/migracao.redenoticia.com.br\/noticia\/2022\/resumo-a-favorita-03-11-dodi-leva-donatela-a-forca-para-o-carro\/225815","title":{"rendered":"Resumo &#8220;A Favorita&#8221; 03\/11: Dodi leva Donatela \u00e0 for\u00e7a para o carro"},"content":{"rendered":"<p> <img loading=\"lazy\" decoding=\"async\" src=\"https:\/\/migracao.redenoticia.com.br\/noticia\/imagens\/afavorita2.jpg\" alt=\"\" width=\"1280\" height=\"720\" class=\"aligncenter size-full wp-image-219854\" srcset=\"https:\/\/migracao.redenoticia.com.br\/noticia\/imagens\/afavorita2.jpg 1280w, https:\/\/migracao.redenoticia.com.br\/noticia\/imagens\/afavorita2-250x140.jpg 250w, https:\/\/migracao.redenoticia.com.br\/noticia\/imagens\/afavorita2-400x225.jpg 400w, https:\/\/migracao.redenoticia.com.br\/noticia\/imagens\/afavorita2-768x432.jpg 768w, https:\/\/migracao.redenoticia.com.br\/noticia\/imagens\/afavorita2-150x84.jpg 150w\" sizes=\"auto, (max-width: 1280px) 100vw, 1280px\" \/><\/p>\n<p><em><strong>Resumo da novela &#8220;A Favorita&#8221;<\/strong><\/em> em 03\/11: no cap\u00edtulo 123(*) da novela, Dodi discute com Donatela e a amea\u00e7a com um canivete. Tentando decifrar onde Dodi pode ter escondido o DVD, Flora lembra do esconderijo onde ele guardava o dinheiro que desviava da empresa Fontini. Pepe percebe a presen\u00e7a de Dodi e chama Z\u00e9 Bob. Dodi luta com Pepe, que sai nocauteado. Dodi leva Donatela \u00e0 for\u00e7a para o carro. Z\u00e9 Bob chega, consegue jogar Dodi para fora do carro e salva Donatela. <\/p>\n<p>Flora oferece dinheiro para Norton em troca do endere\u00e7o do esconderijo de Dodi. Cassiano e Lara discutem e ele resolve dar um tempo para Lara decidir com quem quer ficar. Donatela procura Augusto C\u00e9sar e pede para se esconder no s\u00edtio. Gurgel e Amelinha s\u00e3o despejados e deixam seus filhos com Greice. Cassiano decide se afastar da carreira de artista por um tempo e Copola ap\u00f3ia o neto. Juca encontra Cida e diz que vai permanecer em Triunfo por causa dela. Catarina confessa a Stela que gosta de Vanderlei, mas tem d\u00favidas quanto ao casamento. Stela sugere que Catarina tenha novas experi\u00eancias. <\/p>\n<p>Norton revela a Flora o endere\u00e7o do armaz\u00e9m onde Dodi escondia o dinheiro da empresa Fontini e mostra a parede falsa, onde Flora encontra as c\u00f3pias do DVD. Dodi comenta com Silveirinha que esteve com Donatela. Norton visita Irene e escuta Lara ao telefone com Halley, que revela o novo esconderijo de Donatela. <\/p>\n<p>Flora revela a Dodi que encontrou as c\u00f3pias do DVD e destr\u00f3i a \u00faltima na frente do marido para desespero dele. Flora expulsa Dodi do rancho, sob ofensas e humilha\u00e7\u00f5es. Silveirinha conta a Donatela que as c\u00f3pias do DVD foram destru\u00eddas. Antes de morrer, Dedina pede para Dami\u00e3o e Elias voltarem a ser amigos. Norton conta para Flora onde Donatela est\u00e1 escondida e a vil\u00e3 pede para Pimentel reunir os seguran\u00e7as para cercar o s\u00edtio de Augusto C\u00e9sar.<\/p>\n<p>(*) edi\u00e7\u00e3o das novelas da Globo, &#8220;A Favorita&#8221;, sujeito a altera\u00e7\u00e3o de data e conte\u00fado.<\/p>\n<p>Sinopse &#8220;A Favorita&#8221;: Donatela perdeu seus pais num acidente de carro e foi adotada pela fam\u00edlia de Flora, assim, as duas cresceram como irm\u00e3s. Elas sempre tiveram talento para o canto e chegaram a formar uma dupla sertaneja: Fa\u00edsca e Espoleta. As cantoras fizeram sucesso, mas sua carreira foi interrompida depois que conheceram os amigos Marcelo e Dodi. Donatela casou-se com Marcelo e Flora com Dodi, mas o casamento da primeira foi conturbado. O primeiro filho do casal desapareceu com seis meses de idade, e al\u00e9m disso, Flora teve um caso com o marido da melhor amiga, j\u00e1 separada de Dodi e dessa rela\u00e7\u00e3o nasceu Lara, o que a distanciou ainda mais de sua irm\u00e3 de cria\u00e7\u00e3o.<\/p>\n<p>No pior momento de disc\u00f3rdia entre as duas, Marcelo \u00e9 assassinado, e a culpa recai sobre Flora, que foi pega com a arma do crime, sendo sentenciada a dezoito anos de reclus\u00e3o, separando-se assim de sua filha, que \u00e9 adotada e criada por Donatela. Ao sair da pris\u00e3o, Flora quer provar sua inoc\u00eancia, com a ideia de que a verdadeira culpada foi sua ex-amiga. Donatela, por sua vez, faz de tudo para que Lara n\u00e3o se aproxime de sua m\u00e3e biol\u00f3gica, e a menina se torna o alvo da disputa entre as duas. <\/p>\n","protected":false},"excerpt":{"rendered":"<p>Resumo da novela &#8220;A Favorita&#8221; em 03\/11: no cap\u00edtulo 123(*) da novela, Dodi discute com Donatela e a amea\u00e7a com um canivete. Tentando decifrar onde Dodi pode ter escondido o DVD, Flora lembra do esconderijo onde ele guardava o dinheiro que desviava da empresa Fontini. Pepe percebe a presen\u00e7a de Dodi e chama Z\u00e9 Bob. [&hellip;]<\/p>\n","protected":false},"author":2,"featured_media":219850,"comment_status":"closed","ping_status":"closed","sticky":false,"template":"","format":"standard","meta":{"tdm_status":"","tdm_grid_status":"","footnotes":""},"categories":[2278,379,375,2025,343],"tags":[441],"class_list":{"0":"post-225815","1":"post","2":"type-post","3":"status-publish","4":"format-standard","5":"has-post-thumbnail","7":"category-a-favorita","8":"category-novelas","9":"category-rede-globo","10":"category-resumo","11":"category-televisao","12":"tag-resumo-do-dia"},"_links":{"self":[{"href":"https:\/\/migracao.redenoticia.com.br\/noticia\/wp-json\/wp\/v2\/posts\/225815","targetHints":{"allow":["GET"]}}],"collection":[{"href":"https:\/\/migracao.redenoticia.com.br\/noticia\/wp-json\/wp\/v2\/posts"}],"about":[{"href":"https:\/\/migracao.redenoticia.com.br\/noticia\/wp-json\/wp\/v2\/types\/post"}],"author":[{"embeddable":true,"href":"https:\/\/migracao.redenoticia.com.br\/noticia\/wp-json\/wp\/v2\/users\/2"}],"replies":[{"embeddable":true,"href":"https:\/\/migracao.redenoticia.com.br\/noticia\/wp-json\/wp\/v2\/comments?post=225815"}],"version-history":[{"count":0,"href":"https:\/\/migracao.redenoticia.com.br\/noticia\/wp-json\/wp\/v2\/posts\/225815\/revisions"}],"wp:featuredmedia":[{"embeddable":true,"href":"https:\/\/migracao.redenoticia.com.br\/noticia\/wp-json\/wp\/v2\/media\/219850"}],"wp:attachment":[{"href":"https:\/\/migracao.redenoticia.com.br\/noticia\/wp-json\/wp\/v2\/media?parent=225815"}],"wp:term":[{"taxonomy":"category","embeddable":true,"href":"https:\/\/migracao.redenoticia.com.br\/noticia\/wp-json\/wp\/v2\/categories?post=225815"},{"taxonomy":"post_tag","embeddable":true,"href":"https:\/\/migracao.redenoticia.com.br\/noticia\/wp-json\/wp\/v2\/tags?post=225815"}],"curies":[{"name":"wp","href":"https:\/\/api.w.org\/{rel}","templated":true}]}}