{"id":225816,"date":"2022-11-02T18:16:53","date_gmt":"2022-11-02T21:16:53","guid":{"rendered":"https:\/\/www.redenoticia.com.br\/noticia\/?p=225816"},"modified":"2022-11-02T18:16:53","modified_gmt":"2022-11-02T21:16:53","slug":"resumo-cara-e-coragem-03-11-regina-vibra-com-a-expulsao-de-clarice-e-martha","status":"publish","type":"post","link":"https:\/\/migracao.redenoticia.com.br\/noticia\/2022\/resumo-cara-e-coragem-03-11-regina-vibra-com-a-expulsao-de-clarice-e-martha\/225816","title":{"rendered":"Resumo \u201cCara e Coragem\u201d 03\/11: Regina vibra com a expuls\u00e3o de Clarice e Martha"},"content":{"rendered":"<p> <img loading=\"lazy\" decoding=\"async\" src=\"https:\/\/migracao.redenoticia.com.br\/noticia\/imagens\/cara-e-coragem.jpg\" alt=\"\" width=\"1280\" height=\"720\" class=\"aligncenter size-full wp-image-220184\" srcset=\"https:\/\/migracao.redenoticia.com.br\/noticia\/imagens\/cara-e-coragem.jpg 1280w, https:\/\/migracao.redenoticia.com.br\/noticia\/imagens\/cara-e-coragem-250x140.jpg 250w, https:\/\/migracao.redenoticia.com.br\/noticia\/imagens\/cara-e-coragem-400x225.jpg 400w, https:\/\/migracao.redenoticia.com.br\/noticia\/imagens\/cara-e-coragem-768x432.jpg 768w, https:\/\/migracao.redenoticia.com.br\/noticia\/imagens\/cara-e-coragem-150x84.jpg 150w\" sizes=\"auto, (max-width: 1280px) 100vw, 1280px\" \/><\/p>\n<p><strong><em>Resumo da novela \u201cCara e Coragem\u201d<\/em><\/strong> em 03\/11: no cap\u00edtulo 136(*) da novela, Regina vibra com a expuls\u00e3o de Clarice e Martha. Moa revela para Alfredo que a padaria foi sabotada e que por seguran\u00e7a ele e Pat resolveram morar juntos. Danilo \u00e9 amea\u00e7ado por Maurice e seus capangas, que exigem a modifica\u00e7\u00e3o da f\u00f3rmula. Danilo indica Fernanda e C\u00e9lia para entrevista de emprego na SG. Ol\u00edvia tenta consolar Alfredo, que sente falta dos filhos. J\u00e9ssica conversa com Anita sobre Clarice. Fernanda nota em um livro na empresa, uma foto id\u00eantica \u00e0 que viu no \u00e1lbum na casa de Rebeca. Trata-se do av\u00f4 de Danilo. <\/p>\n<p>Regina olha com desprezo para Fernanda e Rebeca n\u00e3o gosta da postura da \u2018irm\u00e3\u2019. Martha se lamenta com Clarice sobre o golpe que levou de Leonardo. Renan apresenta J\u00e9ssica como sua namorada e a beija na frente de todos da companhia de dan\u00e7a. Regina humilha Fernanda. Danilo pensa em usar Chiquinho para conseguir a modifica\u00e7\u00e3o da f\u00f3rmula. Leonardo alerta Danilo sobre a auditoria. Dalva, Cleide e Margareth se encontram e percebem que est\u00e3o com colares iguais. Pat tenta convencer \u00cdtalo a entregar a modifica\u00e7\u00e3o da f\u00f3rmula para Jonathan. Moa flagra Danilo com Chiquinho. <\/p>\n<p>(*) edi\u00e7\u00e3o das novelas da Globo, \u201cCara e Coragem\u201d, sujeito a altera\u00e7\u00e3o de data e conte\u00fado.<\/p>\n<p>Sinopse \u201cCara e Coragem\u201d: Os dubl\u00eas profissionais Pat e Moa ter\u00e3o seus caminhos tra\u00e7ados com o da empres\u00e1ria Clarice Gusm\u00e3o, diretora da Sider\u00fargica Gusm\u00e3o e inventora de uma f\u00f3rmula secreta milion\u00e1ria, que ser\u00e1 invejada por Leonardo, irm\u00e3o de Clarice, sua amante Regina, e Danilo, tamb\u00e9m empres\u00e1rio.<\/p>\n<p>Enquanto os dubl\u00eas se descobrir\u00e3o apaixonados um pelo outro, mesmo que eles n\u00e3o admitam, Clarice ter\u00e1 um caso com \u00cdtalo, um instrutor de parkur, al\u00e9m de outros segredos obscuros dentro da trama. Uma reviravolta em sua vida acontece ao descobrir a exist\u00eancia de Anita, uma s\u00f3sia sua, mas com uma personalidade totalmente oposta.<\/p>\n","protected":false},"excerpt":{"rendered":"<p>Resumo da novela \u201cCara e Coragem\u201d em 03\/11: no cap\u00edtulo 136(*) da novela, Regina vibra com a expuls\u00e3o de Clarice e Martha. Moa revela para Alfredo que a padaria foi sabotada e que por seguran\u00e7a ele e Pat resolveram morar juntos. Danilo \u00e9 amea\u00e7ado por Maurice e seus capangas, que exigem a modifica\u00e7\u00e3o da f\u00f3rmula. [&hellip;]<\/p>\n","protected":false},"author":3,"featured_media":220185,"comment_status":"closed","ping_status":"closed","sticky":false,"template":"","format":"standard","meta":{"tdm_status":"","tdm_grid_status":"","footnotes":""},"categories":[2281,379,375,2025,343],"tags":[441],"class_list":{"0":"post-225816","1":"post","2":"type-post","3":"status-publish","4":"format-standard","5":"has-post-thumbnail","7":"category-cara-e-coragem","8":"category-novelas","9":"category-rede-globo","10":"category-resumo","11":"category-televisao","12":"tag-resumo-do-dia"},"_links":{"self":[{"href":"https:\/\/migracao.redenoticia.com.br\/noticia\/wp-json\/wp\/v2\/posts\/225816","targetHints":{"allow":["GET"]}}],"collection":[{"href":"https:\/\/migracao.redenoticia.com.br\/noticia\/wp-json\/wp\/v2\/posts"}],"about":[{"href":"https:\/\/migracao.redenoticia.com.br\/noticia\/wp-json\/wp\/v2\/types\/post"}],"author":[{"embeddable":true,"href":"https:\/\/migracao.redenoticia.com.br\/noticia\/wp-json\/wp\/v2\/users\/3"}],"replies":[{"embeddable":true,"href":"https:\/\/migracao.redenoticia.com.br\/noticia\/wp-json\/wp\/v2\/comments?post=225816"}],"version-history":[{"count":0,"href":"https:\/\/migracao.redenoticia.com.br\/noticia\/wp-json\/wp\/v2\/posts\/225816\/revisions"}],"wp:featuredmedia":[{"embeddable":true,"href":"https:\/\/migracao.redenoticia.com.br\/noticia\/wp-json\/wp\/v2\/media\/220185"}],"wp:attachment":[{"href":"https:\/\/migracao.redenoticia.com.br\/noticia\/wp-json\/wp\/v2\/media?parent=225816"}],"wp:term":[{"taxonomy":"category","embeddable":true,"href":"https:\/\/migracao.redenoticia.com.br\/noticia\/wp-json\/wp\/v2\/categories?post=225816"},{"taxonomy":"post_tag","embeddable":true,"href":"https:\/\/migracao.redenoticia.com.br\/noticia\/wp-json\/wp\/v2\/tags?post=225816"}],"curies":[{"name":"wp","href":"https:\/\/api.w.org\/{rel}","templated":true}]}}