{"id":225838,"date":"2022-11-03T18:13:43","date_gmt":"2022-11-03T21:13:43","guid":{"rendered":"https:\/\/www.redenoticia.com.br\/noticia\/?p=225838"},"modified":"2022-11-03T18:13:43","modified_gmt":"2022-11-03T21:13:43","slug":"resumo-cara-e-coragem-04-11-anita-tenta-fotografar-a-tatuagem-de-italo","status":"publish","type":"post","link":"https:\/\/migracao.redenoticia.com.br\/noticia\/2022\/resumo-cara-e-coragem-04-11-anita-tenta-fotografar-a-tatuagem-de-italo\/225838","title":{"rendered":"Resumo \u201cCara e Coragem\u201d 04\/11: Anita tenta fotografar a tatuagem de \u00cdtalo"},"content":{"rendered":"<p> <img loading=\"lazy\" decoding=\"async\" src=\"https:\/\/migracao.redenoticia.com.br\/noticia\/imagens\/cara-e-coragem.jpg\" alt=\"\" width=\"1280\" height=\"720\" class=\"aligncenter size-full wp-image-220184\" srcset=\"https:\/\/migracao.redenoticia.com.br\/noticia\/imagens\/cara-e-coragem.jpg 1280w, https:\/\/migracao.redenoticia.com.br\/noticia\/imagens\/cara-e-coragem-250x140.jpg 250w, https:\/\/migracao.redenoticia.com.br\/noticia\/imagens\/cara-e-coragem-400x225.jpg 400w, https:\/\/migracao.redenoticia.com.br\/noticia\/imagens\/cara-e-coragem-768x432.jpg 768w, https:\/\/migracao.redenoticia.com.br\/noticia\/imagens\/cara-e-coragem-150x84.jpg 150w\" sizes=\"auto, (max-width: 1280px) 100vw, 1280px\" \/><\/p>\n<p><strong><em>Resumo da novela \u201cCara e Coragem\u201d<\/em><\/strong> em 04\/11: no cap\u00edtulo 137(*) da novela, Moa garante a Danilo que ele n\u00e3o ter\u00e1 autoriza\u00e7\u00e3o para pegar Chiquinho no col\u00e9gio. Fernanda comenta com Rebeca sobre a foto que viu na SG. Clarice conversa com Andr\u00e9a Pratini e conta que quer descobrir quem a estava amea\u00e7ando. Pat fala com Moa que vai dar um jeito de conseguir a modifica\u00e7\u00e3o da f\u00f3rmula. <\/p>\n<p>Duarte critica J\u00e9ssica por acreditar em Renan. \u00cdtalo provoca Leonardo por causa de Clarice. Luana p\u00f5e \u00cdtalo a par do que Leonardo fez contra Clarice e Martha. Clarice procura Teca. Rico vai falar com Renan e os dois acabam brigando. Lucas se assusta com a amea\u00e7a que Renan faz a Rico. <\/p>\n<p>Gustavo sugere que Joca saia de sua casa. Fernanda mostra para Rebeca a foto que viu na SG. Pat conta para Anita sobre a modifica\u00e7\u00e3o da f\u00f3rmula e diz que ela est\u00e1 na tatuagem de \u00cdtalo. Martha aconselha Clarice a lutar para ficar com \u00cdtalo. Anita tenta fotografar a tatuagem de \u00cdtalo.  <\/p>\n<p>(*) edi\u00e7\u00e3o das novelas da Globo, \u201cCara e Coragem\u201d, sujeito a altera\u00e7\u00e3o de data e conte\u00fado.<\/p>\n<p>Sinopse \u201cCara e Coragem\u201d: Os dubl\u00eas profissionais Pat e Moa ter\u00e3o seus caminhos tra\u00e7ados com o da empres\u00e1ria Clarice Gusm\u00e3o, diretora da Sider\u00fargica Gusm\u00e3o e inventora de uma f\u00f3rmula secreta milion\u00e1ria, que ser\u00e1 invejada por Leonardo, irm\u00e3o de Clarice, sua amante Regina, e Danilo, tamb\u00e9m empres\u00e1rio.<\/p>\n<p>Enquanto os dubl\u00eas se descobrir\u00e3o apaixonados um pelo outro, mesmo que eles n\u00e3o admitam, Clarice ter\u00e1 um caso com \u00cdtalo, um instrutor de parkur, al\u00e9m de outros segredos obscuros dentro da trama. Uma reviravolta em sua vida acontece ao descobrir a exist\u00eancia de Anita, uma s\u00f3sia sua, mas com uma personalidade totalmente oposta.<\/p>\n","protected":false},"excerpt":{"rendered":"<p>Resumo da novela \u201cCara e Coragem\u201d em 04\/11: no cap\u00edtulo 137(*) da novela, Moa garante a Danilo que ele n\u00e3o ter\u00e1 autoriza\u00e7\u00e3o para pegar Chiquinho no col\u00e9gio. Fernanda comenta com Rebeca sobre a foto que viu na SG. Clarice conversa com Andr\u00e9a Pratini e conta que quer descobrir quem a estava amea\u00e7ando. Pat fala com [&hellip;]<\/p>\n","protected":false},"author":2,"featured_media":220185,"comment_status":"closed","ping_status":"closed","sticky":false,"template":"","format":"standard","meta":{"tdm_status":"","tdm_grid_status":"","footnotes":""},"categories":[2281,379,375,2025,343],"tags":[441],"class_list":{"0":"post-225838","1":"post","2":"type-post","3":"status-publish","4":"format-standard","5":"has-post-thumbnail","7":"category-cara-e-coragem","8":"category-novelas","9":"category-rede-globo","10":"category-resumo","11":"category-televisao","12":"tag-resumo-do-dia"},"_links":{"self":[{"href":"https:\/\/migracao.redenoticia.com.br\/noticia\/wp-json\/wp\/v2\/posts\/225838","targetHints":{"allow":["GET"]}}],"collection":[{"href":"https:\/\/migracao.redenoticia.com.br\/noticia\/wp-json\/wp\/v2\/posts"}],"about":[{"href":"https:\/\/migracao.redenoticia.com.br\/noticia\/wp-json\/wp\/v2\/types\/post"}],"author":[{"embeddable":true,"href":"https:\/\/migracao.redenoticia.com.br\/noticia\/wp-json\/wp\/v2\/users\/2"}],"replies":[{"embeddable":true,"href":"https:\/\/migracao.redenoticia.com.br\/noticia\/wp-json\/wp\/v2\/comments?post=225838"}],"version-history":[{"count":0,"href":"https:\/\/migracao.redenoticia.com.br\/noticia\/wp-json\/wp\/v2\/posts\/225838\/revisions"}],"wp:featuredmedia":[{"embeddable":true,"href":"https:\/\/migracao.redenoticia.com.br\/noticia\/wp-json\/wp\/v2\/media\/220185"}],"wp:attachment":[{"href":"https:\/\/migracao.redenoticia.com.br\/noticia\/wp-json\/wp\/v2\/media?parent=225838"}],"wp:term":[{"taxonomy":"category","embeddable":true,"href":"https:\/\/migracao.redenoticia.com.br\/noticia\/wp-json\/wp\/v2\/categories?post=225838"},{"taxonomy":"post_tag","embeddable":true,"href":"https:\/\/migracao.redenoticia.com.br\/noticia\/wp-json\/wp\/v2\/tags?post=225838"}],"curies":[{"name":"wp","href":"https:\/\/api.w.org\/{rel}","templated":true}]}}