{"id":2259,"date":"2009-06-02T19:08:55","date_gmt":"2009-06-02T23:08:55","guid":{"rendered":"http:\/\/www.redenoticia.com.br\/noticia\/?p=2259"},"modified":"2009-06-02T19:08:55","modified_gmt":"2009-06-02T23:08:55","slug":"empresarios-discutem-diagnostico-economico-local","status":"publish","type":"post","link":"https:\/\/migracao.redenoticia.com.br\/noticia\/2009\/empresarios-discutem-diagnostico-economico-local\/2259","title":{"rendered":"Empres\u00e1rios discutem diagn\u00f3stico econ\u00f4mico local"},"content":{"rendered":"<p>Na noite da \u00faltima quinta-feira (28), mais uma etapa do programa Facer Capacita foi cumprida pela consultoria da Federa\u00e7\u00e3o das Associa\u00e7\u00f5es Comerciais e Empresariais de Rond\u00f4nia (Facer), aplicada na Associa\u00e7\u00e3o Comercial e Industrial de Ji-Paran\u00e1 (ACIJIP). Convidados para uma reuni\u00e3o, autoridades, empres\u00e1rios e entidades assistiram \u00e0 apresenta\u00e7\u00e3o do resultado do Diagn\u00f3stico Econ\u00f4mico Local (DEL), realizado no m\u00eas de mar\u00e7o deste ano.<br \/>\nDe acordo com o consultor respons\u00e1vel pela pesquisa, Marcos Fortunato, o diagn\u00f3stico foi tra\u00e7ado por meio de uma entrevista com empres\u00e1rios e entidades do munic\u00edpio com car\u00e1ter qualitativo e buscou apresentar os desafios e potencialidades de Ji-Paran\u00e1. \u201cEntre os pontos positivos em destaque foi apontado o grande investimento que as empresas tem feito na contrata\u00e7\u00e3o e qualifica\u00e7\u00e3o de seus colaboradores. No entanto, por Rond\u00f4nia ser um Estado forte em recursos naturais, tamb\u00e9m foi notada a necessidade de beneficiar sua mat\u00e9ria prima atrav\u00e9s da industrializa\u00e7\u00e3o, para agregar maior valor ao produto, aquecer a economia e gerar ainda mais emprego\u201d, ressaltou o consultor.<br \/>\nO empres\u00e1rio Agnaldo de S\u00e1 comentou sobre a import\u00e2ncia de manter constante a discuss\u00e3o de melhorias para o munic\u00edpio. \u201cQuando temos ainda a nosso favor pesquisas concretas e baseadas em dados realistas, esse trabalho se faz mais eficaz. \u00c9 preciso que reconhe\u00e7amos as defici\u00eancias da nossa cidade para contornar essa situa\u00e7\u00e3o\u201d, acrescentou Agnaldo de S\u00e1.<\/p>\n<p>Comit\u00ea de Desenvolvimento Econ\u00f4mico<\/p>\n<p>Na ocasi\u00e3o, foi proposto tamb\u00e9m a cria\u00e7\u00e3o do Comit\u00ea de Desenvolvimento Econ\u00f4mico, composto por 21 membros representando o setor p\u00fablico, empresarial e tamb\u00e9m a comunidade. \u201cContamos com a parceria das classes para formar essa comiss\u00e3o o quanto antes e assim dar seguimento aos projetos propostos pelo DEL que tratar\u00e3o das defici\u00eancias de nossa cidade mais especificamente\u201d, refor\u00e7ou o presidente da ACIJIP, Marcito Pinto.<br \/>\nPara o vice-presidente da ACIJIP, Claudemir Miranda, a realidade do setor empresarial em Ji-Paran\u00e1 est\u00e1 a favor do desenvolvimento econ\u00f4mico e isso reflete em est\u00edmulo para toda a sociedade. \u201cA uni\u00e3o e a harmonia entre empres\u00e1rios e poder p\u00fablico tem sido respons\u00e1vel por grandes propostas e transforma\u00e7\u00f5es. Acreditamos no sucesso desse trabalho em equipe\u201d, finalizou Miranda.<\/p>\n","protected":false},"excerpt":{"rendered":"<p>Na noite da \u00faltima quinta-feira (28), mais uma etapa do programa Facer Capacita foi cumprida pela consultoria da Federa\u00e7\u00e3o das Associa\u00e7\u00f5es Comerciais e Empresariais de Rond\u00f4nia (Facer), aplicada na Associa\u00e7\u00e3o Comercial e Industrial de Ji-Paran\u00e1 (ACIJIP). Convidados para uma reuni\u00e3o, autoridades, empres\u00e1rios e entidades assistiram \u00e0 apresenta\u00e7\u00e3o do resultado do Diagn\u00f3stico Econ\u00f4mico Local (DEL), realizado [&hellip;]<\/p>\n","protected":false},"author":3,"featured_media":0,"comment_status":"open","ping_status":"open","sticky":false,"template":"","format":"standard","meta":{"tdm_status":"","tdm_grid_status":"","footnotes":""},"categories":[22],"tags":[],"class_list":{"0":"post-2259","1":"post","2":"type-post","3":"status-publish","4":"format-standard","6":"category-brasil"},"_links":{"self":[{"href":"https:\/\/migracao.redenoticia.com.br\/noticia\/wp-json\/wp\/v2\/posts\/2259","targetHints":{"allow":["GET"]}}],"collection":[{"href":"https:\/\/migracao.redenoticia.com.br\/noticia\/wp-json\/wp\/v2\/posts"}],"about":[{"href":"https:\/\/migracao.redenoticia.com.br\/noticia\/wp-json\/wp\/v2\/types\/post"}],"author":[{"embeddable":true,"href":"https:\/\/migracao.redenoticia.com.br\/noticia\/wp-json\/wp\/v2\/users\/3"}],"replies":[{"embeddable":true,"href":"https:\/\/migracao.redenoticia.com.br\/noticia\/wp-json\/wp\/v2\/comments?post=2259"}],"version-history":[{"count":0,"href":"https:\/\/migracao.redenoticia.com.br\/noticia\/wp-json\/wp\/v2\/posts\/2259\/revisions"}],"wp:attachment":[{"href":"https:\/\/migracao.redenoticia.com.br\/noticia\/wp-json\/wp\/v2\/media?parent=2259"}],"wp:term":[{"taxonomy":"category","embeddable":true,"href":"https:\/\/migracao.redenoticia.com.br\/noticia\/wp-json\/wp\/v2\/categories?post=2259"},{"taxonomy":"post_tag","embeddable":true,"href":"https:\/\/migracao.redenoticia.com.br\/noticia\/wp-json\/wp\/v2\/tags?post=2259"}],"curies":[{"name":"wp","href":"https:\/\/api.w.org\/{rel}","templated":true}]}}