{"id":226051,"date":"2022-11-10T08:02:21","date_gmt":"2022-11-10T11:02:21","guid":{"rendered":"https:\/\/www.redenoticia.com.br\/noticia\/?p=226051"},"modified":"2022-11-10T08:03:45","modified_gmt":"2022-11-10T11:03:45","slug":"resumo-a-favorita-10-11-flora-segue-donatela-e-ze-bob-na-lua-de-mel","status":"publish","type":"post","link":"https:\/\/migracao.redenoticia.com.br\/noticia\/2022\/resumo-a-favorita-10-11-flora-segue-donatela-e-ze-bob-na-lua-de-mel\/226051","title":{"rendered":"Resumo &#8220;A Favorita&#8221; 10\/11: Flora descobre onde Donatela e Z\u00e9 Bob v\u00e3o passar lua de mel"},"content":{"rendered":"<p> <img loading=\"lazy\" decoding=\"async\" src=\"https:\/\/migracao.redenoticia.com.br\/noticia\/imagens\/afavorita2.jpg\" alt=\"\" width=\"1280\" height=\"720\" class=\"aligncenter size-full wp-image-219854\" srcset=\"https:\/\/migracao.redenoticia.com.br\/noticia\/imagens\/afavorita2.jpg 1280w, https:\/\/migracao.redenoticia.com.br\/noticia\/imagens\/afavorita2-250x140.jpg 250w, https:\/\/migracao.redenoticia.com.br\/noticia\/imagens\/afavorita2-400x225.jpg 400w, https:\/\/migracao.redenoticia.com.br\/noticia\/imagens\/afavorita2-768x432.jpg 768w, https:\/\/migracao.redenoticia.com.br\/noticia\/imagens\/afavorita2-150x84.jpg 150w\" sizes=\"auto, (max-width: 1280px) 100vw, 1280px\" \/><\/p>\n<p><em><strong>Resumo da novela &#8220;A Favorita&#8221;<\/strong><\/em> em 10\/11: no cap\u00edtulo 128(*) da novela, Z\u00e9 Bob se prepara para o casamento com Donatela. Cida volta para Triunfo. Juca est\u00e1 a sua espera na casa nova e a pede em casamento. Tudo pronto para o casamento, menos a noiva que se arruma e conversa com Lara. Halley estranha a falta de not\u00edcias de Silveirinha. Rita e Al\u00edcia batem papo com Z\u00e9 Bob. Ao lado, Flora, disfar\u00e7ada, serve Elias que n\u00e3o a reconhece. Rola um clima entre Tuca e Pepe. Enquanto Donatela se arruma pro casamento, Lara fala sobre seus sentimentos por Halley e Cassiano. <\/p>\n<p>Iolanda revela a Cida porque sempre a tratou de forma diferente das irm\u00e3s. Elas fazem as pazes. Halley liga pra Silverinha, que conta que descobriu que Flora est\u00e1 no casamento de Donatela. C\u00e9u entra em trabalho de parto. Z\u00e9 Bob fica ansioso porque Donatela n\u00e3o chega. Halley conta a Lara que Flora est\u00e1 na festa. A caminho do altar, Donatela pisa em um formigueiro. Lara a ajuda a tirar o vestido e eles se casam. Tuca pega o buqu\u00ea de Dontatela. Irene diz a Copola que aceita se casar com ele. <\/p>\n<p>Lara conta pra Irene o que Halley lhe disse sobre Flora. Iolanda aconselha Cassiano a esquecer Lara. Silveirinha v\u00ea Flora de longe, comenta com Cilene, vai atr\u00e1s dela e consegue encontr\u00e1-la. Ela avan\u00e7a para cima dele com uma faca e o faz ref\u00e9m dentro da van. Cilene avisa a Halley que Flora est\u00e1 l\u00e1. Ele vai em sua procura. Donatela e Z\u00e9 Bob partem para lua de mel. Flora descobre onde o casal estar\u00e1. C\u00e9u d\u00e1 a luz. Orladinho avisa Halley que seu filho nasceu. Rosa encontra Silverinha dentro da van. Z\u00e9 Bob e Donatela chegam a casa no Guaruj\u00e1. Silverinha passa bem e conta a todos que Flora est\u00e1 atr\u00e1s de Donatela. <\/p>\n<p>(*) edi\u00e7\u00e3o das novelas da Globo, &#8220;A Favorita&#8221;, sujeito a altera\u00e7\u00e3o de data e conte\u00fado.<\/p>\n<p>Sinopse &#8220;A Favorita&#8221;: Donatela perdeu seus pais num acidente de carro e foi adotada pela fam\u00edlia de Flora, assim, as duas cresceram como irm\u00e3s. Elas sempre tiveram talento para o canto e chegaram a formar uma dupla sertaneja: Fa\u00edsca e Espoleta. As cantoras fizeram sucesso, mas sua carreira foi interrompida depois que conheceram os amigos Marcelo e Dodi. Donatela casou-se com Marcelo e Flora com Dodi, mas o casamento da primeira foi conturbado. O primeiro filho do casal desapareceu com seis meses de idade, e al\u00e9m disso, Flora teve um caso com o marido da melhor amiga, j\u00e1 separada de Dodi e dessa rela\u00e7\u00e3o nasceu Lara, o que a distanciou ainda mais de sua irm\u00e3 de cria\u00e7\u00e3o.<\/p>\n<p>No pior momento de disc\u00f3rdia entre as duas, Marcelo \u00e9 assassinado, e a culpa recai sobre Flora, que foi pega com a arma do crime, sendo sentenciada a dezoito anos de reclus\u00e3o, separando-se assim de sua filha, que \u00e9 adotada e criada por Donatela. Ao sair da pris\u00e3o, Flora quer provar sua inoc\u00eancia, com a ideia de que a verdadeira culpada foi sua ex-amiga. Donatela, por sua vez, faz de tudo para que Lara n\u00e3o se aproxime de sua m\u00e3e biol\u00f3gica, e a menina se torna o alvo da disputa entre as duas.<\/p>\n","protected":false},"excerpt":{"rendered":"<p>Resumo da novela &#8220;A Favorita&#8221; em 10\/11: no cap\u00edtulo 128(*) da novela, Z\u00e9 Bob se prepara para o casamento com Donatela. Cida volta para Triunfo. Juca est\u00e1 a sua espera na casa nova e a pede em casamento. Tudo pronto para o casamento, menos a noiva que se arruma e conversa com Lara. Halley estranha [&hellip;]<\/p>\n","protected":false},"author":2,"featured_media":219850,"comment_status":"closed","ping_status":"closed","sticky":false,"template":"","format":"standard","meta":{"tdm_status":"","tdm_grid_status":"","footnotes":""},"categories":[2278,379,375,2025,343],"tags":[441],"class_list":{"0":"post-226051","1":"post","2":"type-post","3":"status-publish","4":"format-standard","5":"has-post-thumbnail","7":"category-a-favorita","8":"category-novelas","9":"category-rede-globo","10":"category-resumo","11":"category-televisao","12":"tag-resumo-do-dia"},"_links":{"self":[{"href":"https:\/\/migracao.redenoticia.com.br\/noticia\/wp-json\/wp\/v2\/posts\/226051","targetHints":{"allow":["GET"]}}],"collection":[{"href":"https:\/\/migracao.redenoticia.com.br\/noticia\/wp-json\/wp\/v2\/posts"}],"about":[{"href":"https:\/\/migracao.redenoticia.com.br\/noticia\/wp-json\/wp\/v2\/types\/post"}],"author":[{"embeddable":true,"href":"https:\/\/migracao.redenoticia.com.br\/noticia\/wp-json\/wp\/v2\/users\/2"}],"replies":[{"embeddable":true,"href":"https:\/\/migracao.redenoticia.com.br\/noticia\/wp-json\/wp\/v2\/comments?post=226051"}],"version-history":[{"count":0,"href":"https:\/\/migracao.redenoticia.com.br\/noticia\/wp-json\/wp\/v2\/posts\/226051\/revisions"}],"wp:featuredmedia":[{"embeddable":true,"href":"https:\/\/migracao.redenoticia.com.br\/noticia\/wp-json\/wp\/v2\/media\/219850"}],"wp:attachment":[{"href":"https:\/\/migracao.redenoticia.com.br\/noticia\/wp-json\/wp\/v2\/media?parent=226051"}],"wp:term":[{"taxonomy":"category","embeddable":true,"href":"https:\/\/migracao.redenoticia.com.br\/noticia\/wp-json\/wp\/v2\/categories?post=226051"},{"taxonomy":"post_tag","embeddable":true,"href":"https:\/\/migracao.redenoticia.com.br\/noticia\/wp-json\/wp\/v2\/tags?post=226051"}],"curies":[{"name":"wp","href":"https:\/\/api.w.org\/{rel}","templated":true}]}}