{"id":2261,"date":"2009-06-02T19:17:25","date_gmt":"2009-06-02T23:17:25","guid":{"rendered":"http:\/\/www.redenoticia.com.br\/noticia\/?p=2261"},"modified":"2009-06-04T09:37:32","modified_gmt":"2009-06-04T13:37:32","slug":"comissao-mista-devera-buscar-projeto-para-uso-da-internet-nas-eleicoes","status":"publish","type":"post","link":"https:\/\/migracao.redenoticia.com.br\/noticia\/2009\/comissao-mista-devera-buscar-projeto-para-uso-da-internet-nas-eleicoes\/2261","title":{"rendered":"Comiss\u00e3o mista dever\u00e1 buscar projeto para uso da internet nas elei\u00e7\u00f5es"},"content":{"rendered":"<p class=\"MsoNormal\"><span style=\"font-size: 11pt; font-family: Arial;\"><a href=\"https:\/\/migracao.redenoticia.com.br\/noticia\/imagens\/\/internet.jpg\"><img loading=\"lazy\" decoding=\"async\" class=\"alignleft size-medium wp-image-2348\" title=\"internet\" src=\"https:\/\/migracao.redenoticia.com.br\/noticia\/imagens\/\/internet-249x187.jpg\" alt=\"internet\" width=\"249\" height=\"187\" \/><\/a>Durante audi\u00eancia p\u00fablica promovida nesta ter\u00e7a-feira (2) pela Comiss\u00e3o de Ci\u00eancia, Tecnologia, Inova\u00e7\u00e3o, Comunica\u00e7\u00e3o e Inform\u00e1tica (CCT) para debater as oportunidades e desafios futuros da internet, senadores e deputados chegaram a um entendimento pr\u00e9vio quanto \u00e0 estrat\u00e9gia para a utiliza\u00e7\u00e3o da internet durante a campanha eleitoral de 2010: a cria\u00e7\u00e3o de uma comiss\u00e3o mista para elaborar um projeto sobre o assunto a ser votado at\u00e9 setembro.<\/span><\/p>\n<p class=\"MsoNormal\"><span style=\"font-size: 11pt; font-family: Arial;\">Um dos que abordou o assunto, o senador Alo\u00edzio Mercadante (PT-SP) disse considerar &#8220;um absurdo&#8221; que os candidatos tenham sido proibidos pelo Tribunal Superior Eleitoral (TSE) de fazer campanha pela rede de computadores, mas outros usu\u00e1rios possam montar p\u00e1ginas criticando, e at\u00e9 ofendendo, os postulantes.<\/span><\/p>\n<p class=\"MsoNormal\"><span style=\"font-size: 11pt; font-family: Arial;\">&#8211; A internet \u00e9 o equivalente moderno das assembleias da Gr\u00e9cia antiga &#8211; comparou o parlamentar petista.<\/span><\/p>\n<p class=\"MsoNormal\"><span style=\"font-size: 11pt; font-family: Arial;\">Para o presidente da CCT, Flexa Ribeiro (PSDB-PA), a utiliza\u00e7\u00e3o da internet &#8220;\u00e9 um caminho natural&#8221;, uma vez que \u00e9 um meio bem mais barato do que as r\u00e1dios e televis\u00f5es &#8211; ponto de vista compartilhado pelo deputado Paulo Teixeira (PT-SP). Flexa explicou que h\u00e1 v\u00e1rios projetos em torno do tema em tramita\u00e7\u00e3o nas duas casas do Congresso, mas a mat\u00e9ria n\u00e3o est\u00e1 avan\u00e7ando.<\/span><\/p>\n<p class=\"MsoNormal\"><span style=\"font-size: 11pt; font-family: Arial;\">A cria\u00e7\u00e3o a comiss\u00e3o mista depende de requerimento da CCT e da Comiss\u00e3o de Ci\u00eancia e Tecnologia da C\u00e2mara aos presidentes das duas casas do Legislativo.<\/span><\/p>\n<p class=\"MsoNormal\"><span style=\"font-size: 11pt; font-family: Arial;\">Nelson Oliveira \/ Ag\u00eancia Senado<\/span><\/p>\n","protected":false},"excerpt":{"rendered":"<p>Durante audi\u00eancia p\u00fablica promovida nesta ter\u00e7a-feira (2) pela Comiss\u00e3o de Ci\u00eancia, Tecnologia, Inova\u00e7\u00e3o, Comunica\u00e7\u00e3o e Inform\u00e1tica (CCT) para debater as oportunidades e desafios futuros da internet, senadores e deputados chegaram a um entendimento pr\u00e9vio quanto \u00e0 estrat\u00e9gia para a utiliza\u00e7\u00e3o da internet durante a campanha eleitoral de 2010: a cria\u00e7\u00e3o de uma comiss\u00e3o mista para [&hellip;]<\/p>\n","protected":false},"author":3,"featured_media":0,"comment_status":"open","ping_status":"open","sticky":false,"template":"","format":"standard","meta":{"tdm_status":"","tdm_grid_status":"","footnotes":""},"categories":[22],"tags":[],"class_list":{"0":"post-2261","1":"post","2":"type-post","3":"status-publish","4":"format-standard","6":"category-brasil"},"_links":{"self":[{"href":"https:\/\/migracao.redenoticia.com.br\/noticia\/wp-json\/wp\/v2\/posts\/2261","targetHints":{"allow":["GET"]}}],"collection":[{"href":"https:\/\/migracao.redenoticia.com.br\/noticia\/wp-json\/wp\/v2\/posts"}],"about":[{"href":"https:\/\/migracao.redenoticia.com.br\/noticia\/wp-json\/wp\/v2\/types\/post"}],"author":[{"embeddable":true,"href":"https:\/\/migracao.redenoticia.com.br\/noticia\/wp-json\/wp\/v2\/users\/3"}],"replies":[{"embeddable":true,"href":"https:\/\/migracao.redenoticia.com.br\/noticia\/wp-json\/wp\/v2\/comments?post=2261"}],"version-history":[{"count":0,"href":"https:\/\/migracao.redenoticia.com.br\/noticia\/wp-json\/wp\/v2\/posts\/2261\/revisions"}],"wp:attachment":[{"href":"https:\/\/migracao.redenoticia.com.br\/noticia\/wp-json\/wp\/v2\/media?parent=2261"}],"wp:term":[{"taxonomy":"category","embeddable":true,"href":"https:\/\/migracao.redenoticia.com.br\/noticia\/wp-json\/wp\/v2\/categories?post=2261"},{"taxonomy":"post_tag","embeddable":true,"href":"https:\/\/migracao.redenoticia.com.br\/noticia\/wp-json\/wp\/v2\/tags?post=2261"}],"curies":[{"name":"wp","href":"https:\/\/api.w.org\/{rel}","templated":true}]}}