{"id":226163,"date":"2022-11-11T16:09:16","date_gmt":"2022-11-11T19:09:16","guid":{"rendered":"https:\/\/www.redenoticia.com.br\/noticia\/?p=226163"},"modified":"2022-11-11T16:09:16","modified_gmt":"2022-11-11T19:09:16","slug":"resumo-cara-e-coragem-12-11-danilo-empurra-moa-do-alto-de-uma-escada","status":"publish","type":"post","link":"https:\/\/migracao.redenoticia.com.br\/noticia\/2022\/resumo-cara-e-coragem-12-11-danilo-empurra-moa-do-alto-de-uma-escada\/226163","title":{"rendered":"Resumo \u201cCara e Coragem\u201d 12\/11: Danilo empurra Moa do alto de uma escada"},"content":{"rendered":"<p> <img loading=\"lazy\" decoding=\"async\" src=\"https:\/\/migracao.redenoticia.com.br\/noticia\/imagens\/cara-e-coragem.jpg\" alt=\"\" width=\"1280\" height=\"720\" class=\"aligncenter size-full wp-image-220184\" srcset=\"https:\/\/migracao.redenoticia.com.br\/noticia\/imagens\/cara-e-coragem.jpg 1280w, https:\/\/migracao.redenoticia.com.br\/noticia\/imagens\/cara-e-coragem-250x140.jpg 250w, https:\/\/migracao.redenoticia.com.br\/noticia\/imagens\/cara-e-coragem-400x225.jpg 400w, https:\/\/migracao.redenoticia.com.br\/noticia\/imagens\/cara-e-coragem-768x432.jpg 768w, https:\/\/migracao.redenoticia.com.br\/noticia\/imagens\/cara-e-coragem-150x84.jpg 150w\" sizes=\"auto, (max-width: 1280px) 100vw, 1280px\" \/><\/p>\n<p><strong><em>Resumo da novela \u201cCara e Coragem\u201d<\/em><\/strong> em 12\/11: no cap\u00edtulo 144(*) da novela, Moa recebe Rebeca, C\u00e9lia e Fernanda em sua casa. Danilo procura pela esposa na casa de Gustavo e Teca. Jonathan se entristece ao saber que a ind\u00fastria b\u00e9lica conseguiu a altera\u00e7\u00e3o de sua f\u00f3rmula de magn\u00e9sio. Danilo \u00e9 dissimulado quando ouve Gustavo falar sobre a fuga de Berimbau. \u00cdtalo, Pat, Moa e Rico exigem que Lou conte o que sabe sobre Bob Wright. Rebeca pensa em trabalhar com Fernanda. Jonathan decide se afastar de Clarice. <\/p>\n<p>Rico reclama com Moa e \u00cdtalo sobre as informa\u00e7\u00f5es que Lou escondeu sobre Duarte. Cleide, Margareth e Dalva se divertem com a rea\u00e7\u00e3o de Armandinho \u00e0 arma\u00e7\u00e3o delas. Lou explica a Moa e \u00cdtalo por que n\u00e3o contou a verdade sobre Duarte. Renan gosta de ver Lou entristecida com Rico. Danilo obriga C\u00e9lia a revelar o paradeiro de Rebeca. Rebeca pede ajuda a Pat. Regina pro\u00edbe Dagmar de sair de casa. Pat manda Fernanda chamar a pol\u00edcia. Danilo empurra Moa do alto da escada de inc\u00eandio do pr\u00e9dio, e o dubl\u00ea cai desacordado.  <\/p>\n<p>(*) edi\u00e7\u00e3o das novelas da Globo, \u201cCara e Coragem\u201d, sujeito a altera\u00e7\u00e3o de data e conte\u00fado.<\/p>\n<p>Sinopse \u201cCara e Coragem\u201d: Os dubl\u00eas profissionais Pat e Moa ter\u00e3o seus caminhos tra\u00e7ados com o da empres\u00e1ria Clarice Gusm\u00e3o, diretora da Sider\u00fargica Gusm\u00e3o e inventora de uma f\u00f3rmula secreta milion\u00e1ria, que ser\u00e1 invejada por Leonardo, irm\u00e3o de Clarice, sua amante Regina, e Danilo, tamb\u00e9m empres\u00e1rio.<\/p>\n<p>Enquanto os dubl\u00eas se descobrir\u00e3o apaixonados um pelo outro, mesmo que eles n\u00e3o admitam, Clarice ter\u00e1 um caso com \u00cdtalo, um instrutor de parkur, al\u00e9m de outros segredos obscuros dentro da trama. Uma reviravolta em sua vida acontece ao descobrir a exist\u00eancia de Anita, uma s\u00f3sia sua, mas com uma personalidade totalmente oposta.<\/p>\n","protected":false},"excerpt":{"rendered":"<p>Resumo da novela \u201cCara e Coragem\u201d em 12\/11: no cap\u00edtulo 144(*) da novela, Moa recebe Rebeca, C\u00e9lia e Fernanda em sua casa. Danilo procura pela esposa na casa de Gustavo e Teca. Jonathan se entristece ao saber que a ind\u00fastria b\u00e9lica conseguiu a altera\u00e7\u00e3o de sua f\u00f3rmula de magn\u00e9sio. Danilo \u00e9 dissimulado quando ouve Gustavo [&hellip;]<\/p>\n","protected":false},"author":3,"featured_media":220185,"comment_status":"closed","ping_status":"closed","sticky":false,"template":"","format":"standard","meta":{"tdm_status":"","tdm_grid_status":"","footnotes":""},"categories":[2281,379,375,2025,343],"tags":[441],"class_list":{"0":"post-226163","1":"post","2":"type-post","3":"status-publish","4":"format-standard","5":"has-post-thumbnail","7":"category-cara-e-coragem","8":"category-novelas","9":"category-rede-globo","10":"category-resumo","11":"category-televisao","12":"tag-resumo-do-dia"},"_links":{"self":[{"href":"https:\/\/migracao.redenoticia.com.br\/noticia\/wp-json\/wp\/v2\/posts\/226163","targetHints":{"allow":["GET"]}}],"collection":[{"href":"https:\/\/migracao.redenoticia.com.br\/noticia\/wp-json\/wp\/v2\/posts"}],"about":[{"href":"https:\/\/migracao.redenoticia.com.br\/noticia\/wp-json\/wp\/v2\/types\/post"}],"author":[{"embeddable":true,"href":"https:\/\/migracao.redenoticia.com.br\/noticia\/wp-json\/wp\/v2\/users\/3"}],"replies":[{"embeddable":true,"href":"https:\/\/migracao.redenoticia.com.br\/noticia\/wp-json\/wp\/v2\/comments?post=226163"}],"version-history":[{"count":0,"href":"https:\/\/migracao.redenoticia.com.br\/noticia\/wp-json\/wp\/v2\/posts\/226163\/revisions"}],"wp:featuredmedia":[{"embeddable":true,"href":"https:\/\/migracao.redenoticia.com.br\/noticia\/wp-json\/wp\/v2\/media\/220185"}],"wp:attachment":[{"href":"https:\/\/migracao.redenoticia.com.br\/noticia\/wp-json\/wp\/v2\/media?parent=226163"}],"wp:term":[{"taxonomy":"category","embeddable":true,"href":"https:\/\/migracao.redenoticia.com.br\/noticia\/wp-json\/wp\/v2\/categories?post=226163"},{"taxonomy":"post_tag","embeddable":true,"href":"https:\/\/migracao.redenoticia.com.br\/noticia\/wp-json\/wp\/v2\/tags?post=226163"}],"curies":[{"name":"wp","href":"https:\/\/api.w.org\/{rel}","templated":true}]}}