{"id":2262,"date":"2009-06-02T19:20:37","date_gmt":"2009-06-02T23:20:37","guid":{"rendered":"http:\/\/www.redenoticia.com.br\/noticia\/?p=2262"},"modified":"2009-06-02T19:20:37","modified_gmt":"2009-06-02T23:20:37","slug":"paulo-duque-presidencia-do-senado-agendara-reuniao-para-instalar-cpi","status":"publish","type":"post","link":"https:\/\/migracao.redenoticia.com.br\/noticia\/2009\/paulo-duque-presidencia-do-senado-agendara-reuniao-para-instalar-cpi\/2262","title":{"rendered":"Paulo Duque: presid\u00eancia do Senado agendar\u00e1 reuni\u00e3o para instalar CPI"},"content":{"rendered":"<p class=\"MsoNormal\"><span style=\"font-size: 10pt; font-family: Arial;\">O senador Paulo Duque (PMDB-RJ) afirmou na tarde desta ter\u00e7a-feira (2) que a presid\u00eancia do Senado \u00e9 que dever\u00e1 agendar a pr\u00f3xima reuni\u00e3o da Comiss\u00e3o Parlamentar de Inqu\u00e9rito (CPI) da Petrobras. O senador afirmou que n\u00e3o haver\u00e1 reuni\u00e3o ainda nesta ter\u00e7a, como chegou a ser cogitado.<\/span><\/p>\n<p class=\"MsoNormal\"><span style=\"font-size: 10pt; font-family: Arial;\">&#8211; Hoje j\u00e1 passou, n\u00e3o vou fazer reuni\u00e3o nenhuma. Farei uma nova reuni\u00e3o quando a presid\u00eancia marcar &#8211; disse.<\/span><\/p>\n<p class=\"MsoNormal\"><span style=\"font-size: 10pt; font-family: Arial;\">O senador presidiria, no in\u00edcio da tarde, a reuni\u00e3o da instala\u00e7\u00e3o da CPI da Petrobras, mas cancelou a reuni\u00e3o 15 minutos ap\u00f3s o hor\u00e1rio marcado por falta de qu\u00f3rum.<strong> <\/strong>Duque garantiu aos jornalistas que adiou a reuni\u00e3o por uma decis\u00e3o pessoal.<\/span><\/p>\n<p class=\"MsoNormal\"><span style=\"font-size: 10pt; font-family: Arial;\">O senador confirmou que foi &#8220;cientificado&#8221; de que estaria havendo um desentendimento na base governista sobre quem comandar\u00e1 a comiss\u00e3o, mas que n\u00e3o foi por esse motivo que encerrou a reuni\u00e3o.<\/span><\/p>\n<p class=\"MsoNormal\"><span style=\"font-size: 10pt; font-family: Arial;\">&#8211; Cheguei 15 minutos antes das 14h e ainda esperei 15 minutos. Obedeci o Regimento Interno, \u00e9 a lei. Por que o pessoal n\u00e3o chegou \u00e0s 14h? Encerrei a sess\u00e3o e faria de novo &#8211; disse.<\/span><\/p>\n<p class=\"MsoNormal\"><span style=\"font-size: 10pt; font-family: Arial;\">Silvia Gomide \/ Ag\u00eancia Senado<\/span><\/p>\n","protected":false},"excerpt":{"rendered":"<p>O senador Paulo Duque (PMDB-RJ) afirmou na tarde desta ter\u00e7a-feira (2) que a presid\u00eancia do Senado \u00e9 que dever\u00e1 agendar a pr\u00f3xima reuni\u00e3o da Comiss\u00e3o Parlamentar de Inqu\u00e9rito (CPI) da Petrobras. O senador afirmou que n\u00e3o haver\u00e1 reuni\u00e3o ainda nesta ter\u00e7a, como chegou a ser cogitado. &#8211; Hoje j\u00e1 passou, n\u00e3o vou fazer reuni\u00e3o nenhuma. [&hellip;]<\/p>\n","protected":false},"author":3,"featured_media":0,"comment_status":"open","ping_status":"open","sticky":false,"template":"","format":"standard","meta":{"tdm_status":"","tdm_grid_status":"","footnotes":""},"categories":[22,7],"tags":[],"class_list":{"0":"post-2262","1":"post","2":"type-post","3":"status-publish","4":"format-standard","6":"category-brasil","7":"category-economia"},"_links":{"self":[{"href":"https:\/\/migracao.redenoticia.com.br\/noticia\/wp-json\/wp\/v2\/posts\/2262","targetHints":{"allow":["GET"]}}],"collection":[{"href":"https:\/\/migracao.redenoticia.com.br\/noticia\/wp-json\/wp\/v2\/posts"}],"about":[{"href":"https:\/\/migracao.redenoticia.com.br\/noticia\/wp-json\/wp\/v2\/types\/post"}],"author":[{"embeddable":true,"href":"https:\/\/migracao.redenoticia.com.br\/noticia\/wp-json\/wp\/v2\/users\/3"}],"replies":[{"embeddable":true,"href":"https:\/\/migracao.redenoticia.com.br\/noticia\/wp-json\/wp\/v2\/comments?post=2262"}],"version-history":[{"count":0,"href":"https:\/\/migracao.redenoticia.com.br\/noticia\/wp-json\/wp\/v2\/posts\/2262\/revisions"}],"wp:attachment":[{"href":"https:\/\/migracao.redenoticia.com.br\/noticia\/wp-json\/wp\/v2\/media?parent=2262"}],"wp:term":[{"taxonomy":"category","embeddable":true,"href":"https:\/\/migracao.redenoticia.com.br\/noticia\/wp-json\/wp\/v2\/categories?post=2262"},{"taxonomy":"post_tag","embeddable":true,"href":"https:\/\/migracao.redenoticia.com.br\/noticia\/wp-json\/wp\/v2\/tags?post=2262"}],"curies":[{"name":"wp","href":"https:\/\/api.w.org\/{rel}","templated":true}]}}