{"id":226229,"date":"2022-11-14T13:37:17","date_gmt":"2022-11-14T16:37:17","guid":{"rendered":"https:\/\/www.redenoticia.com.br\/noticia\/?p=226229"},"modified":"2022-11-14T13:37:17","modified_gmt":"2022-11-14T16:37:17","slug":"resumo-cara-e-coragem-15-11-danilo-prende-duarte-e-jessica-na-mansao-de-bob","status":"publish","type":"post","link":"https:\/\/migracao.redenoticia.com.br\/noticia\/2022\/resumo-cara-e-coragem-15-11-danilo-prende-duarte-e-jessica-na-mansao-de-bob\/226229","title":{"rendered":"Resumo \u201cCara e Coragem\u201d 15\/11: Danilo prende Duarte e J\u00e9ssica na mans\u00e3o de Bob"},"content":{"rendered":"<p> <img loading=\"lazy\" decoding=\"async\" class=\"aligncenter size-full wp-image-220184\" src=\"https:\/\/migracao.redenoticia.com.br\/noticia\/imagens\/cara-e-coragem.jpg\" alt=\"\" width=\"1280\" height=\"720\" srcset=\"https:\/\/migracao.redenoticia.com.br\/noticia\/imagens\/cara-e-coragem.jpg 1280w, https:\/\/migracao.redenoticia.com.br\/noticia\/imagens\/cara-e-coragem-250x140.jpg 250w, https:\/\/migracao.redenoticia.com.br\/noticia\/imagens\/cara-e-coragem-400x225.jpg 400w, https:\/\/migracao.redenoticia.com.br\/noticia\/imagens\/cara-e-coragem-768x432.jpg 768w, https:\/\/migracao.redenoticia.com.br\/noticia\/imagens\/cara-e-coragem-150x84.jpg 150w\" sizes=\"auto, (max-width: 1280px) 100vw, 1280px\" \/><\/p>\n<p><strong><em>Resumo da novela \u201cCara e Coragem\u201d<\/em><\/strong> em 15\/11: no cap\u00edtulo 146(*) da novela, Danilo conta para Duarte o que fez com Moa. Anita sente ci\u00fames de \u00cdtalo com Clarice. Lou tenta conversar com Rico. Ol\u00edvia conta para J\u00e9ssica sobre Moa e ela teme por Danilo. Regina fala com L\u00e9o que n\u00e3o deixar\u00e1 Clarice voltar para a SG. <\/p>\n<p>Danilo prende Duarte e J\u00e9ssica na mans\u00e3o de Bob. Hugo fica com ci\u00fames de Enzo. Lou e Rico fazem as pazes. Pat decide denunciar Danilo para a pol\u00edcia. Batata come\u00e7a a trabalhar como vendedor ambulante perto de Fernanda. Regina exp\u00f5e aos acionistas os contratos que a SG perdeu por causa de Clarice. <\/p>\n<p>Lucas procura J\u00e9ssica na casa de Renan. Dalva incentiva Anita a se afastar de \u00cdtalo. Martha ajuda Clarice na reuni\u00e3o com os acionistas. Danilo libera J\u00e9ssica. Os acionistas tomam uma decis\u00e3o. J\u00e9ssica pede a ajuda de Anita. Moa acorda e pergunta a Pat por Andr\u00e9a.<\/p>\n<p>(*) edi\u00e7\u00e3o das novelas da Globo, \u201cCara e Coragem\u201d, sujeito a altera\u00e7\u00e3o de data e conte\u00fado.<\/p>\n<p>Sinopse \u201cCara e Coragem\u201d: Os dubl\u00eas profissionais Pat e Moa ter\u00e3o seus caminhos tra\u00e7ados com o da empres\u00e1ria Clarice Gusm\u00e3o, diretora da Sider\u00fargica Gusm\u00e3o e inventora de uma f\u00f3rmula secreta milion\u00e1ria, que ser\u00e1 invejada por Leonardo, irm\u00e3o de Clarice, sua amante Regina, e Danilo, tamb\u00e9m empres\u00e1rio.<\/p>\n<p>Enquanto os dubl\u00eas se descobrir\u00e3o apaixonados um pelo outro, mesmo que eles n\u00e3o admitam, Clarice ter\u00e1 um caso com \u00cdtalo, um instrutor de parkur, al\u00e9m de outros segredos obscuros dentro da trama. Uma reviravolta em sua vida acontece ao descobrir a exist\u00eancia de Anita, uma s\u00f3sia sua, mas com uma personalidade totalmente oposta.<\/p>\n","protected":false},"excerpt":{"rendered":"<p>Resumo da novela \u201cCara e Coragem\u201d em 15\/11: no cap\u00edtulo 146(*) da novela, Danilo conta para Duarte o que fez com Moa. Anita sente ci\u00fames de \u00cdtalo com Clarice. Lou tenta conversar com Rico. Ol\u00edvia conta para J\u00e9ssica sobre Moa e ela teme por Danilo. Regina fala com L\u00e9o que n\u00e3o deixar\u00e1 Clarice voltar para [&hellip;]<\/p>\n","protected":false},"author":3,"featured_media":220185,"comment_status":"closed","ping_status":"closed","sticky":false,"template":"","format":"standard","meta":{"tdm_status":"","tdm_grid_status":"","footnotes":""},"categories":[2281,379,375,2025,343],"tags":[441],"class_list":{"0":"post-226229","1":"post","2":"type-post","3":"status-publish","4":"format-standard","5":"has-post-thumbnail","7":"category-cara-e-coragem","8":"category-novelas","9":"category-rede-globo","10":"category-resumo","11":"category-televisao","12":"tag-resumo-do-dia"},"_links":{"self":[{"href":"https:\/\/migracao.redenoticia.com.br\/noticia\/wp-json\/wp\/v2\/posts\/226229","targetHints":{"allow":["GET"]}}],"collection":[{"href":"https:\/\/migracao.redenoticia.com.br\/noticia\/wp-json\/wp\/v2\/posts"}],"about":[{"href":"https:\/\/migracao.redenoticia.com.br\/noticia\/wp-json\/wp\/v2\/types\/post"}],"author":[{"embeddable":true,"href":"https:\/\/migracao.redenoticia.com.br\/noticia\/wp-json\/wp\/v2\/users\/3"}],"replies":[{"embeddable":true,"href":"https:\/\/migracao.redenoticia.com.br\/noticia\/wp-json\/wp\/v2\/comments?post=226229"}],"version-history":[{"count":0,"href":"https:\/\/migracao.redenoticia.com.br\/noticia\/wp-json\/wp\/v2\/posts\/226229\/revisions"}],"wp:featuredmedia":[{"embeddable":true,"href":"https:\/\/migracao.redenoticia.com.br\/noticia\/wp-json\/wp\/v2\/media\/220185"}],"wp:attachment":[{"href":"https:\/\/migracao.redenoticia.com.br\/noticia\/wp-json\/wp\/v2\/media?parent=226229"}],"wp:term":[{"taxonomy":"category","embeddable":true,"href":"https:\/\/migracao.redenoticia.com.br\/noticia\/wp-json\/wp\/v2\/categories?post=226229"},{"taxonomy":"post_tag","embeddable":true,"href":"https:\/\/migracao.redenoticia.com.br\/noticia\/wp-json\/wp\/v2\/tags?post=226229"}],"curies":[{"name":"wp","href":"https:\/\/api.w.org\/{rel}","templated":true}]}}