{"id":226261,"date":"2022-11-15T12:01:13","date_gmt":"2022-11-15T15:01:13","guid":{"rendered":"https:\/\/www.redenoticia.com.br\/noticia\/?p=226261"},"modified":"2022-11-15T12:01:13","modified_gmt":"2022-11-15T15:01:13","slug":"resumo-cara-e-coragem-16-11-danilo-presta-depoimento-sobre-o-que-fez-contra-moa","status":"publish","type":"post","link":"https:\/\/migracao.redenoticia.com.br\/noticia\/2022\/resumo-cara-e-coragem-16-11-danilo-presta-depoimento-sobre-o-que-fez-contra-moa\/226261","title":{"rendered":"Resumo \u201cCara e Coragem\u201d 16\/11: Danilo presta depoimento sobre o que fez contra Moa"},"content":{"rendered":"<p> <img loading=\"lazy\" decoding=\"async\" class=\"aligncenter size-full wp-image-220184\" src=\"https:\/\/migracao.redenoticia.com.br\/noticia\/imagens\/cara-e-coragem.jpg\" alt=\"\" width=\"1280\" height=\"720\" srcset=\"https:\/\/migracao.redenoticia.com.br\/noticia\/imagens\/cara-e-coragem.jpg 1280w, https:\/\/migracao.redenoticia.com.br\/noticia\/imagens\/cara-e-coragem-250x140.jpg 250w, https:\/\/migracao.redenoticia.com.br\/noticia\/imagens\/cara-e-coragem-400x225.jpg 400w, https:\/\/migracao.redenoticia.com.br\/noticia\/imagens\/cara-e-coragem-768x432.jpg 768w, https:\/\/migracao.redenoticia.com.br\/noticia\/imagens\/cara-e-coragem-150x84.jpg 150w\" sizes=\"auto, (max-width: 1280px) 100vw, 1280px\" \/><\/p>\n<p><strong><em>Resumo da novela \u201cCara e Coragem\u201d<\/em><\/strong> em 16\/11: no cap\u00edtulo 147(*) da novela, Pat estranha a insist\u00eancia de Moa em perguntar por Andr\u00e9a. Os acionistas escolhem Leonardo, e Clarice fica decepcionada. Pat descobre que Moa est\u00e1 com problemas de mem\u00f3ria e n\u00e3o se lembra que eles est\u00e3o juntos. Pat pede para Andr\u00e9a ir ao hospital. J\u00e9ssica mente para Renan sobre o seu paradeiro. Danilo vai \u00e0 delegacia. Moa acredita ainda estar namorando Andr\u00e9a, e Pat pede que a atriz o ajude. Danilo presta depoimento sobre o que fez contra Moa. <\/p>\n<p>Hugo tenta convencer Andr\u00e9a a n\u00e3o desistir de sua viagem para a Espanha. Fernanda fala para Milton e Nadir que Rebeca n\u00e3o quer depor contra Danilo. Leonardo coloca Clarice trabalhando na \u00e1rea administrativa da SG. Moa revela para \u00cdtalo como se sente com a falta de mem\u00f3ria. Clarice se instala em uma sala da SG e Regina fica furiosa. Andr\u00e9a desiste de sua viagem para ajudar Moa. Danilo procura Fernanda. Pat questiona Rebeca por se recusar a depor contra Danilo.<\/p>\n<p>(*) edi\u00e7\u00e3o das novelas da Globo, \u201cCara e Coragem\u201d, sujeito a altera\u00e7\u00e3o de data e conte\u00fado.<\/p>\n<p>Sinopse \u201cCara e Coragem\u201d: Os dubl\u00eas profissionais Pat e Moa ter\u00e3o seus caminhos tra\u00e7ados com o da empres\u00e1ria Clarice Gusm\u00e3o, diretora da Sider\u00fargica Gusm\u00e3o e inventora de uma f\u00f3rmula secreta milion\u00e1ria, que ser\u00e1 invejada por Leonardo, irm\u00e3o de Clarice, sua amante Regina, e Danilo, tamb\u00e9m empres\u00e1rio.<\/p>\n<p>Enquanto os dubl\u00eas se descobrir\u00e3o apaixonados um pelo outro, mesmo que eles n\u00e3o admitam, Clarice ter\u00e1 um caso com \u00cdtalo, um instrutor de parkur, al\u00e9m de outros segredos obscuros dentro da trama. Uma reviravolta em sua vida acontece ao descobrir a exist\u00eancia de Anita, uma s\u00f3sia sua, mas com uma personalidade totalmente oposta.<\/p>\n","protected":false},"excerpt":{"rendered":"<p>Resumo da novela \u201cCara e Coragem\u201d em 16\/11: no cap\u00edtulo 147(*) da novela, Pat estranha a insist\u00eancia de Moa em perguntar por Andr\u00e9a. Os acionistas escolhem Leonardo, e Clarice fica decepcionada. Pat descobre que Moa est\u00e1 com problemas de mem\u00f3ria e n\u00e3o se lembra que eles est\u00e3o juntos. Pat pede para Andr\u00e9a ir ao hospital. [&hellip;]<\/p>\n","protected":false},"author":4,"featured_media":220185,"comment_status":"closed","ping_status":"closed","sticky":false,"template":"","format":"standard","meta":{"tdm_status":"","tdm_grid_status":"","footnotes":""},"categories":[2281,379,375,2025,343],"tags":[441],"class_list":{"0":"post-226261","1":"post","2":"type-post","3":"status-publish","4":"format-standard","5":"has-post-thumbnail","7":"category-cara-e-coragem","8":"category-novelas","9":"category-rede-globo","10":"category-resumo","11":"category-televisao","12":"tag-resumo-do-dia"},"_links":{"self":[{"href":"https:\/\/migracao.redenoticia.com.br\/noticia\/wp-json\/wp\/v2\/posts\/226261","targetHints":{"allow":["GET"]}}],"collection":[{"href":"https:\/\/migracao.redenoticia.com.br\/noticia\/wp-json\/wp\/v2\/posts"}],"about":[{"href":"https:\/\/migracao.redenoticia.com.br\/noticia\/wp-json\/wp\/v2\/types\/post"}],"author":[{"embeddable":true,"href":"https:\/\/migracao.redenoticia.com.br\/noticia\/wp-json\/wp\/v2\/users\/4"}],"replies":[{"embeddable":true,"href":"https:\/\/migracao.redenoticia.com.br\/noticia\/wp-json\/wp\/v2\/comments?post=226261"}],"version-history":[{"count":0,"href":"https:\/\/migracao.redenoticia.com.br\/noticia\/wp-json\/wp\/v2\/posts\/226261\/revisions"}],"wp:featuredmedia":[{"embeddable":true,"href":"https:\/\/migracao.redenoticia.com.br\/noticia\/wp-json\/wp\/v2\/media\/220185"}],"wp:attachment":[{"href":"https:\/\/migracao.redenoticia.com.br\/noticia\/wp-json\/wp\/v2\/media?parent=226261"}],"wp:term":[{"taxonomy":"category","embeddable":true,"href":"https:\/\/migracao.redenoticia.com.br\/noticia\/wp-json\/wp\/v2\/categories?post=226261"},{"taxonomy":"post_tag","embeddable":true,"href":"https:\/\/migracao.redenoticia.com.br\/noticia\/wp-json\/wp\/v2\/tags?post=226261"}],"curies":[{"name":"wp","href":"https:\/\/api.w.org\/{rel}","templated":true}]}}