{"id":226376,"date":"2022-11-17T18:37:07","date_gmt":"2022-11-17T21:37:07","guid":{"rendered":"https:\/\/www.redenoticia.com.br\/noticia\/?p=226376"},"modified":"2022-11-17T18:37:07","modified_gmt":"2022-11-17T21:37:07","slug":"resumo-cara-e-coragem-18-11-rebeca-e-fernanda-recebem-intimacao-para-depor","status":"publish","type":"post","link":"https:\/\/migracao.redenoticia.com.br\/noticia\/2022\/resumo-cara-e-coragem-18-11-rebeca-e-fernanda-recebem-intimacao-para-depor\/226376","title":{"rendered":"Resumo \u201cCara e Coragem\u201d 18\/11: Rebeca e Fernanda recebem intima\u00e7\u00e3o para depor"},"content":{"rendered":"<p> <img loading=\"lazy\" decoding=\"async\" class=\"aligncenter size-full wp-image-220184\" src=\"https:\/\/migracao.redenoticia.com.br\/noticia\/imagens\/cara-e-coragem.jpg\" alt=\"\" width=\"1280\" height=\"720\" srcset=\"https:\/\/migracao.redenoticia.com.br\/noticia\/imagens\/cara-e-coragem.jpg 1280w, https:\/\/migracao.redenoticia.com.br\/noticia\/imagens\/cara-e-coragem-250x140.jpg 250w, https:\/\/migracao.redenoticia.com.br\/noticia\/imagens\/cara-e-coragem-400x225.jpg 400w, https:\/\/migracao.redenoticia.com.br\/noticia\/imagens\/cara-e-coragem-768x432.jpg 768w, https:\/\/migracao.redenoticia.com.br\/noticia\/imagens\/cara-e-coragem-150x84.jpg 150w\" sizes=\"auto, (max-width: 1280px) 100vw, 1280px\" \/><\/p>\n<p><strong><em>Resumo da novela \u201cCara e Coragem\u201d<\/em><\/strong> em 18\/11: no cap\u00edtulo 149(*) da novela, Pat e Milton aceitam que Moa v\u00e1 para a casa de Andr\u00e9a. \u00cdtalo acredita que sabe quem \u00e9 o benefici\u00e1rio dos contratos assinados por Bob Wright. Duarte teme ser preso por causa da investiga\u00e7\u00e3o contra Danilo. Andr\u00e9a cuida de Moa, e Milton pede para Pat ter paci\u00eancia. Pat exige que Danilo fique longe de Moa. Dalva coloca um rem\u00e9dio no ch\u00e1 de Armandinho, sob o olhar de Margareth e Cleide, e as tr\u00eas forjam uma gravidez para o rapaz. <\/p>\n<p>Rebeca e Fernanda recebem uma intima\u00e7\u00e3o para depor na delegacia. Moa comenta com Milton sobre a tristeza de Pat. Danilo aparece na frente de Moa e se espanta ao ver que ele n\u00e3o se recorda do acidente. Um paparazzi fotografa Hugo e Enzo abra\u00e7ados. Andr\u00e9a observa Moa dormindo e falando de Pat e dos filhos. Marcela cobra uma explica\u00e7\u00e3o de Paulo, quando v\u00ea Fernanda chegar para depor. Pat repreende Andr\u00e9a por beijar Moa. \u00cdtalo, Rico e Lou v\u00e3o falar com Duarte\/Bob. Clarice se anima com o resultado da auditoria da SG.<\/p>\n<p>(*) edi\u00e7\u00e3o das novelas da Globo, \u201cCara e Coragem\u201d, sujeito a altera\u00e7\u00e3o de data e conte\u00fado.<\/p>\n<p>Sinopse \u201cCara e Coragem\u201d: Os dubl\u00eas profissionais Pat e Moa ter\u00e3o seus caminhos tra\u00e7ados com o da empres\u00e1ria Clarice Gusm\u00e3o, diretora da Sider\u00fargica Gusm\u00e3o e inventora de uma f\u00f3rmula secreta milion\u00e1ria, que ser\u00e1 invejada por Leonardo, irm\u00e3o de Clarice, sua amante Regina, e Danilo, tamb\u00e9m empres\u00e1rio.<\/p>\n<p>Enquanto os dubl\u00eas se descobrir\u00e3o apaixonados um pelo outro, mesmo que eles n\u00e3o admitam, Clarice ter\u00e1 um caso com \u00cdtalo, um instrutor de parkur, al\u00e9m de outros segredos obscuros dentro da trama. Uma reviravolta em sua vida acontece ao descobrir a exist\u00eancia de Anita, uma s\u00f3sia sua, mas com uma personalidade totalmente oposta.<\/p>\n","protected":false},"excerpt":{"rendered":"<p>Resumo da novela \u201cCara e Coragem\u201d em 18\/11: no cap\u00edtulo 149(*) da novela, Pat e Milton aceitam que Moa v\u00e1 para a casa de Andr\u00e9a. \u00cdtalo acredita que sabe quem \u00e9 o benefici\u00e1rio dos contratos assinados por Bob Wright. Duarte teme ser preso por causa da investiga\u00e7\u00e3o contra Danilo. Andr\u00e9a cuida de Moa, e Milton [&hellip;]<\/p>\n","protected":false},"author":2,"featured_media":220185,"comment_status":"closed","ping_status":"closed","sticky":false,"template":"","format":"standard","meta":{"tdm_status":"","tdm_grid_status":"","footnotes":""},"categories":[2281,379,375,2025,343],"tags":[441],"class_list":{"0":"post-226376","1":"post","2":"type-post","3":"status-publish","4":"format-standard","5":"has-post-thumbnail","7":"category-cara-e-coragem","8":"category-novelas","9":"category-rede-globo","10":"category-resumo","11":"category-televisao","12":"tag-resumo-do-dia"},"_links":{"self":[{"href":"https:\/\/migracao.redenoticia.com.br\/noticia\/wp-json\/wp\/v2\/posts\/226376","targetHints":{"allow":["GET"]}}],"collection":[{"href":"https:\/\/migracao.redenoticia.com.br\/noticia\/wp-json\/wp\/v2\/posts"}],"about":[{"href":"https:\/\/migracao.redenoticia.com.br\/noticia\/wp-json\/wp\/v2\/types\/post"}],"author":[{"embeddable":true,"href":"https:\/\/migracao.redenoticia.com.br\/noticia\/wp-json\/wp\/v2\/users\/2"}],"replies":[{"embeddable":true,"href":"https:\/\/migracao.redenoticia.com.br\/noticia\/wp-json\/wp\/v2\/comments?post=226376"}],"version-history":[{"count":0,"href":"https:\/\/migracao.redenoticia.com.br\/noticia\/wp-json\/wp\/v2\/posts\/226376\/revisions"}],"wp:featuredmedia":[{"embeddable":true,"href":"https:\/\/migracao.redenoticia.com.br\/noticia\/wp-json\/wp\/v2\/media\/220185"}],"wp:attachment":[{"href":"https:\/\/migracao.redenoticia.com.br\/noticia\/wp-json\/wp\/v2\/media?parent=226376"}],"wp:term":[{"taxonomy":"category","embeddable":true,"href":"https:\/\/migracao.redenoticia.com.br\/noticia\/wp-json\/wp\/v2\/categories?post=226376"},{"taxonomy":"post_tag","embeddable":true,"href":"https:\/\/migracao.redenoticia.com.br\/noticia\/wp-json\/wp\/v2\/tags?post=226376"}],"curies":[{"name":"wp","href":"https:\/\/api.w.org\/{rel}","templated":true}]}}