{"id":2264,"date":"2009-06-02T21:10:40","date_gmt":"2009-06-03T01:10:40","guid":{"rendered":"http:\/\/www.redenoticia.com.br\/noticia\/?p=2264"},"modified":"2009-06-02T21:10:40","modified_gmt":"2009-06-03T01:10:40","slug":"fiscalizacao-de-transito-no-interior-de-rondonia","status":"publish","type":"post","link":"https:\/\/migracao.redenoticia.com.br\/noticia\/2009\/fiscalizacao-de-transito-no-interior-de-rondonia\/2264","title":{"rendered":"Fiscaliza\u00e7\u00e3o de tr\u00e2nsito no interior de Rond\u00f4nia"},"content":{"rendered":"<p class=\"MsoNormal\"><strong><span style=\"font-size: 11pt; font-family: Arial;\"><\/span><\/strong><span style=\"font-size: 11pt; font-family: Arial;\">O Departamento Estadual de Tr\u00e2nsito (DETRAN\/RO), em parceria com o 2\u00ba BPM de\u00a0<span><\/span>Ji-Paran\u00e1, iniciou mais um ciclo de fiscaliza\u00e7\u00e3o de tr\u00e2nsito pelos munic\u00edpios de Rond\u00f4nia. <\/span><\/p>\n<p><span style=\"font-size: 11pt; font-family: Arial;\">O objetivo das atividades no interior \u00e9 fiscalizar os condutores e tamb\u00e9m orient\u00e1-los para a import\u00e2ncia de ser cauteloso no tr\u00e2nsito, obedecendo as regras do C\u00f3digo Brasileiro de Tr\u00e2nsito. Desde o in\u00edcio das opera\u00e7\u00f5es de fiscaliza\u00e7\u00e3o, \u00faltimo dia 26 de maio, at\u00e9 est\u00e1 ter\u00e7a-feira, dia 02 de junho, cerca de 800 abordagens foram feitas, entre carros, motos e camionetes. Mais de 600 autua\u00e7\u00f5es foram realizadas e cerca de 50 ve\u00edculos foram removidos. O maior n\u00famero de infra\u00e7\u00f5es verificadas foi de condutores sem cinto de seguran\u00e7a e n\u00e3o portando o documento de porte obrigat\u00f3rio.<\/span><\/p>\n<p><span style=\"font-size: 11pt; font-family: Arial;\">A blitz, comandada pelo chefe do DPFT, Carlos Braga, juntamente com os agentes de tr\u00e2nsito do DETRAN, j\u00e1 percorreu os munic\u00edpios de Cacoal, Pimenta Bueno, Espig\u00e3o do Oeste e Chupinguaia.<\/span><\/p>\n<p><span style=\"font-size: 11pt; font-family: Arial;\">A opera\u00e7\u00e3o contou ainda com a blitz eletr\u00f4nica do 2\u00ba Batalh\u00e3o de Ji-Paran\u00e1, que identifica por meio de foto se a placa est\u00e1 irregular. O aparelho \u00e9 colocado 100 metros antes da barreira da blitz e possui um sensor fotogr\u00e1fico que aciona assim que o ve\u00edculo passa por cima do \u201ctapete\u201d, sinalizando a irregularidade. Al\u00e9m disso, os equipamentos que ficam dentro da viatura permitem acesso \u00e0 consultas no INFOSEG (sistema de consulta de foragidos). Nele, o policial pesquisa pelos dados da pessoa a situa\u00e7\u00e3o do condutor. A blitz eletr\u00f4nica, que \u00e9 operada pelo PM Luiz de Ji-Paran\u00e1, atende todo o interior de Rond\u00f4nia. \u201c\u00c9 importante ressaltar que a bliz eletr\u00f4nica n\u00e3o s\u00f3 visa a fiscaliza\u00e7\u00e3o mas a consulta de ve\u00edculos roubados e pessoas foragidas da justi\u00e7a\u201d, esclareceu o PM Luiz.<\/span><\/p>\n<p style=\"line-height: 10.5pt;\"><span class=\"textonegrito101\"><span style=\"font-size: 7.5pt;\">Fonte: <\/span><\/span><span class=\"textoentrerodape1\"><span style=\"font-size: 7.5pt;\">A\/I DETRAN &#8211; Departamento de Tr\u00e2nsito<\/span><\/span><span style=\"font-size: 11pt; font-family: Arial;\"> <\/span><\/p>\n","protected":false},"excerpt":{"rendered":"<p>O Departamento Estadual de Tr\u00e2nsito (DETRAN\/RO), em parceria com o 2\u00ba BPM de\u00a0Ji-Paran\u00e1, iniciou mais um ciclo de fiscaliza\u00e7\u00e3o de tr\u00e2nsito pelos munic\u00edpios de Rond\u00f4nia. O objetivo das atividades no interior \u00e9 fiscalizar os condutores e tamb\u00e9m orient\u00e1-los para a import\u00e2ncia de ser cauteloso no tr\u00e2nsito, obedecendo as regras do C\u00f3digo Brasileiro de Tr\u00e2nsito. Desde [&hellip;]<\/p>\n","protected":false},"author":3,"featured_media":0,"comment_status":"open","ping_status":"open","sticky":false,"template":"","format":"standard","meta":{"tdm_status":"","tdm_grid_status":"","footnotes":""},"categories":[22],"tags":[],"class_list":{"0":"post-2264","1":"post","2":"type-post","3":"status-publish","4":"format-standard","6":"category-brasil"},"_links":{"self":[{"href":"https:\/\/migracao.redenoticia.com.br\/noticia\/wp-json\/wp\/v2\/posts\/2264","targetHints":{"allow":["GET"]}}],"collection":[{"href":"https:\/\/migracao.redenoticia.com.br\/noticia\/wp-json\/wp\/v2\/posts"}],"about":[{"href":"https:\/\/migracao.redenoticia.com.br\/noticia\/wp-json\/wp\/v2\/types\/post"}],"author":[{"embeddable":true,"href":"https:\/\/migracao.redenoticia.com.br\/noticia\/wp-json\/wp\/v2\/users\/3"}],"replies":[{"embeddable":true,"href":"https:\/\/migracao.redenoticia.com.br\/noticia\/wp-json\/wp\/v2\/comments?post=2264"}],"version-history":[{"count":0,"href":"https:\/\/migracao.redenoticia.com.br\/noticia\/wp-json\/wp\/v2\/posts\/2264\/revisions"}],"wp:attachment":[{"href":"https:\/\/migracao.redenoticia.com.br\/noticia\/wp-json\/wp\/v2\/media?parent=2264"}],"wp:term":[{"taxonomy":"category","embeddable":true,"href":"https:\/\/migracao.redenoticia.com.br\/noticia\/wp-json\/wp\/v2\/categories?post=2264"},{"taxonomy":"post_tag","embeddable":true,"href":"https:\/\/migracao.redenoticia.com.br\/noticia\/wp-json\/wp\/v2\/tags?post=2264"}],"curies":[{"name":"wp","href":"https:\/\/api.w.org\/{rel}","templated":true}]}}