{"id":226459,"date":"2022-11-19T18:50:50","date_gmt":"2022-11-19T21:50:50","guid":{"rendered":"https:\/\/www.redenoticia.com.br\/noticia\/?p=226459"},"modified":"2022-11-19T18:50:50","modified_gmt":"2022-11-19T21:50:50","slug":"resumo-cara-e-coragem-21-11-leonardo-diz-que-renunciara-a-presidencia-da-sg","status":"publish","type":"post","link":"https:\/\/migracao.redenoticia.com.br\/noticia\/2022\/resumo-cara-e-coragem-21-11-leonardo-diz-que-renunciara-a-presidencia-da-sg\/226459","title":{"rendered":"Resumo \u201cCara e Coragem\u201d 21\/11: Leonardo diz que renunciar\u00e1 \u00e0 presid\u00eancia da SG"},"content":{"rendered":"<p> <img loading=\"lazy\" decoding=\"async\" class=\"aligncenter size-full wp-image-220184\" src=\"https:\/\/migracao.redenoticia.com.br\/noticia\/imagens\/cara-e-coragem.jpg\" alt=\"\" width=\"1280\" height=\"720\" srcset=\"https:\/\/migracao.redenoticia.com.br\/noticia\/imagens\/cara-e-coragem.jpg 1280w, https:\/\/migracao.redenoticia.com.br\/noticia\/imagens\/cara-e-coragem-250x140.jpg 250w, https:\/\/migracao.redenoticia.com.br\/noticia\/imagens\/cara-e-coragem-400x225.jpg 400w, https:\/\/migracao.redenoticia.com.br\/noticia\/imagens\/cara-e-coragem-768x432.jpg 768w, https:\/\/migracao.redenoticia.com.br\/noticia\/imagens\/cara-e-coragem-150x84.jpg 150w\" sizes=\"auto, (max-width: 1280px) 100vw, 1280px\" \/><\/p>\n<p><strong><em>Resumo da novela \u201cCara e Coragem\u201d<\/em><\/strong> em 21\/11: no cap\u00edtulo 151(*) da novela, Regina se preocupa com a possibilidade de Clarice denunciar Leonardo. Duarte pede a ajuda de Lou. Pat conversa com Moa sobre sua rela\u00e7\u00e3o com Andr\u00e9a. Duarte avisa a J\u00e9ssica que ir\u00e1 se revelar durante a festa. Lou anuncia para os convidados que Bob Wright quer fazer um pronunciamento. Todos ficam chocados com a revela\u00e7\u00e3o de Duarte. Andr\u00e9a se enfurece com Pat por n\u00e3o ter contado sobre Bob e decide n\u00e3o ajudar mais Moa. <\/p>\n<p>Gustavo se entristece com Rico por ter escondido o que descobriu sobre Bob. J\u00e9ssica, Ol\u00edvia e Lou ficam ap\u00f3s a festa na mans\u00e3o para apoiar Duarte. Andr\u00e9a sofre por causa de Bob. Hugo foge de uma rep\u00f3rter na rua. Pat lamenta a falta de mem\u00f3ria de Moa. Duarte pede perd\u00e3o a Gustavo. Rebeca pensa em Moa e Danilo antes de prestar seu depoimento. Danilo diz a Duarte que se preveniu para n\u00e3o ser associado a Bob Wright. Leonardo informa a Clarice que renunciar\u00e1 \u00e0 presid\u00eancia da SG. <\/p>\n<p>(*) edi\u00e7\u00e3o das novelas da Globo, \u201cCara e Coragem\u201d, sujeito a altera\u00e7\u00e3o de data e conte\u00fado.<\/p>\n<p>Sinopse \u201cCara e Coragem\u201d: Os dubl\u00eas profissionais Pat e Moa ter\u00e3o seus caminhos tra\u00e7ados com o da empres\u00e1ria Clarice Gusm\u00e3o, diretora da Sider\u00fargica Gusm\u00e3o e inventora de uma f\u00f3rmula secreta milion\u00e1ria, que ser\u00e1 invejada por Leonardo, irm\u00e3o de Clarice, sua amante Regina, e Danilo, tamb\u00e9m empres\u00e1rio.<\/p>\n<p>Enquanto os dubl\u00eas se descobrir\u00e3o apaixonados um pelo outro, mesmo que eles n\u00e3o admitam, Clarice ter\u00e1 um caso com \u00cdtalo, um instrutor de parkur, al\u00e9m de outros segredos obscuros dentro da trama. Uma reviravolta em sua vida acontece ao descobrir a exist\u00eancia de Anita, uma s\u00f3sia sua, mas com uma personalidade totalmente oposta.<\/p>\n","protected":false},"excerpt":{"rendered":"<p>Resumo da novela \u201cCara e Coragem\u201d em 21\/11: no cap\u00edtulo 151(*) da novela, Regina se preocupa com a possibilidade de Clarice denunciar Leonardo. Duarte pede a ajuda de Lou. Pat conversa com Moa sobre sua rela\u00e7\u00e3o com Andr\u00e9a. Duarte avisa a J\u00e9ssica que ir\u00e1 se revelar durante a festa. Lou anuncia para os convidados que [&hellip;]<\/p>\n","protected":false},"author":4,"featured_media":220185,"comment_status":"closed","ping_status":"closed","sticky":false,"template":"","format":"standard","meta":{"tdm_status":"","tdm_grid_status":"","footnotes":""},"categories":[2281,379,375,2025,343],"tags":[441],"class_list":{"0":"post-226459","1":"post","2":"type-post","3":"status-publish","4":"format-standard","5":"has-post-thumbnail","7":"category-cara-e-coragem","8":"category-novelas","9":"category-rede-globo","10":"category-resumo","11":"category-televisao","12":"tag-resumo-do-dia"},"_links":{"self":[{"href":"https:\/\/migracao.redenoticia.com.br\/noticia\/wp-json\/wp\/v2\/posts\/226459","targetHints":{"allow":["GET"]}}],"collection":[{"href":"https:\/\/migracao.redenoticia.com.br\/noticia\/wp-json\/wp\/v2\/posts"}],"about":[{"href":"https:\/\/migracao.redenoticia.com.br\/noticia\/wp-json\/wp\/v2\/types\/post"}],"author":[{"embeddable":true,"href":"https:\/\/migracao.redenoticia.com.br\/noticia\/wp-json\/wp\/v2\/users\/4"}],"replies":[{"embeddable":true,"href":"https:\/\/migracao.redenoticia.com.br\/noticia\/wp-json\/wp\/v2\/comments?post=226459"}],"version-history":[{"count":0,"href":"https:\/\/migracao.redenoticia.com.br\/noticia\/wp-json\/wp\/v2\/posts\/226459\/revisions"}],"wp:featuredmedia":[{"embeddable":true,"href":"https:\/\/migracao.redenoticia.com.br\/noticia\/wp-json\/wp\/v2\/media\/220185"}],"wp:attachment":[{"href":"https:\/\/migracao.redenoticia.com.br\/noticia\/wp-json\/wp\/v2\/media?parent=226459"}],"wp:term":[{"taxonomy":"category","embeddable":true,"href":"https:\/\/migracao.redenoticia.com.br\/noticia\/wp-json\/wp\/v2\/categories?post=226459"},{"taxonomy":"post_tag","embeddable":true,"href":"https:\/\/migracao.redenoticia.com.br\/noticia\/wp-json\/wp\/v2\/tags?post=226459"}],"curies":[{"name":"wp","href":"https:\/\/api.w.org\/{rel}","templated":true}]}}