{"id":226590,"date":"2022-11-23T15:36:11","date_gmt":"2022-11-23T18:36:11","guid":{"rendered":"https:\/\/www.redenoticia.com.br\/noticia\/?p=226590"},"modified":"2022-11-23T15:36:11","modified_gmt":"2022-11-23T18:36:11","slug":"resumo-cara-e-coragem-24-11-anita-enfrenta-clarice-por-causa-de-italo","status":"publish","type":"post","link":"https:\/\/migracao.redenoticia.com.br\/noticia\/2022\/resumo-cara-e-coragem-24-11-anita-enfrenta-clarice-por-causa-de-italo\/226590","title":{"rendered":"Resumo \u201cCara e Coragem\u201d 24\/11: Anita enfrenta Clarice por causa de \u00cdtalo"},"content":{"rendered":"<p> <img loading=\"lazy\" decoding=\"async\" class=\"aligncenter size-full wp-image-220184\" src=\"https:\/\/migracao.redenoticia.com.br\/noticia\/imagens\/cara-e-coragem.jpg\" alt=\"\" width=\"1280\" height=\"720\" srcset=\"https:\/\/migracao.redenoticia.com.br\/noticia\/imagens\/cara-e-coragem.jpg 1280w, https:\/\/migracao.redenoticia.com.br\/noticia\/imagens\/cara-e-coragem-250x140.jpg 250w, https:\/\/migracao.redenoticia.com.br\/noticia\/imagens\/cara-e-coragem-400x225.jpg 400w, https:\/\/migracao.redenoticia.com.br\/noticia\/imagens\/cara-e-coragem-768x432.jpg 768w, https:\/\/migracao.redenoticia.com.br\/noticia\/imagens\/cara-e-coragem-150x84.jpg 150w\" sizes=\"auto, (max-width: 1280px) 100vw, 1280px\" \/><\/p>\n<p><strong><em>Resumo da novela \u201cCara e Coragem\u201d<\/em><\/strong> em 24\/11: no cap\u00edtulo 154(*) da novela, Clarice tenta se explicar para Anita. Pat e Moa se separam. Danilo sofre com o afastamento de Rebeca. Regina critica Leonardo por desistir da presid\u00eancia da SG. Andr\u00e9a conversa com Clarice sobre Bob Wright. Anita confessa a Dalva e J\u00e9ssica que est\u00e1 sofrendo por causa de \u00cdtalo. <\/p>\n<p>\u00cdtalo fala para Jarbas que est\u00e1 confuso com seus sentimentos em rela\u00e7\u00e3o a Clarice e a Anita. Fernanda conta para Moa que Danilo foi o culpado por seu acidente. Moa descobre que C\u00e9lia trabalha como copeira na presid\u00eancia da SG. Teca se irrita ao ver Gustavo sofrendo por causa de Bob. Clarice reassume a presid\u00eancia da SG. <\/p>\n<p>Anita enfrenta Clarice por causa de \u00cdtalo. Dagmar ouve Leonardo dizer que se orgulha por n\u00e3o carregar mais a culpa pela morte da irm\u00e3. Pat e Lou se apoiam. Teca avisa a Duarte que o denunciou para a pol\u00edcia. Danilo pede para Regina se unir a ele. Moa lembra de Pat dan\u00e7ando com Lou na companhia de dan\u00e7a. Rebeca revela para Pat que Moa dormiu em sua casa com Chiquinho.<\/p>\n<p>(*) edi\u00e7\u00e3o das novelas da Globo, \u201cCara e Coragem\u201d, sujeito a altera\u00e7\u00e3o de data e conte\u00fado.<\/p>\n<p>Sinopse \u201cCara e Coragem\u201d: Os dubl\u00eas profissionais Pat e Moa ter\u00e3o seus caminhos tra\u00e7ados com o da empres\u00e1ria Clarice Gusm\u00e3o, diretora da Sider\u00fargica Gusm\u00e3o e inventora de uma f\u00f3rmula secreta milion\u00e1ria, que ser\u00e1 invejada por Leonardo, irm\u00e3o de Clarice, sua amante Regina, e Danilo, tamb\u00e9m empres\u00e1rio.<\/p>\n<p>Enquanto os dubl\u00eas se descobrir\u00e3o apaixonados um pelo outro, mesmo que eles n\u00e3o admitam, Clarice ter\u00e1 um caso com \u00cdtalo, um instrutor de parkur, al\u00e9m de outros segredos obscuros dentro da trama. Uma reviravolta em sua vida acontece ao descobrir a exist\u00eancia de Anita, uma s\u00f3sia sua, mas com uma personalidade totalmente oposta.<\/p>\n","protected":false},"excerpt":{"rendered":"<p>Resumo da novela \u201cCara e Coragem\u201d em 24\/11: no cap\u00edtulo 154(*) da novela, Clarice tenta se explicar para Anita. Pat e Moa se separam. Danilo sofre com o afastamento de Rebeca. Regina critica Leonardo por desistir da presid\u00eancia da SG. Andr\u00e9a conversa com Clarice sobre Bob Wright. Anita confessa a Dalva e J\u00e9ssica que est\u00e1 [&hellip;]<\/p>\n","protected":false},"author":2,"featured_media":220185,"comment_status":"closed","ping_status":"closed","sticky":false,"template":"","format":"standard","meta":{"tdm_status":"","tdm_grid_status":"","footnotes":""},"categories":[2281,379,375,2025,343],"tags":[441],"class_list":{"0":"post-226590","1":"post","2":"type-post","3":"status-publish","4":"format-standard","5":"has-post-thumbnail","7":"category-cara-e-coragem","8":"category-novelas","9":"category-rede-globo","10":"category-resumo","11":"category-televisao","12":"tag-resumo-do-dia"},"_links":{"self":[{"href":"https:\/\/migracao.redenoticia.com.br\/noticia\/wp-json\/wp\/v2\/posts\/226590","targetHints":{"allow":["GET"]}}],"collection":[{"href":"https:\/\/migracao.redenoticia.com.br\/noticia\/wp-json\/wp\/v2\/posts"}],"about":[{"href":"https:\/\/migracao.redenoticia.com.br\/noticia\/wp-json\/wp\/v2\/types\/post"}],"author":[{"embeddable":true,"href":"https:\/\/migracao.redenoticia.com.br\/noticia\/wp-json\/wp\/v2\/users\/2"}],"replies":[{"embeddable":true,"href":"https:\/\/migracao.redenoticia.com.br\/noticia\/wp-json\/wp\/v2\/comments?post=226590"}],"version-history":[{"count":0,"href":"https:\/\/migracao.redenoticia.com.br\/noticia\/wp-json\/wp\/v2\/posts\/226590\/revisions"}],"wp:featuredmedia":[{"embeddable":true,"href":"https:\/\/migracao.redenoticia.com.br\/noticia\/wp-json\/wp\/v2\/media\/220185"}],"wp:attachment":[{"href":"https:\/\/migracao.redenoticia.com.br\/noticia\/wp-json\/wp\/v2\/media?parent=226590"}],"wp:term":[{"taxonomy":"category","embeddable":true,"href":"https:\/\/migracao.redenoticia.com.br\/noticia\/wp-json\/wp\/v2\/categories?post=226590"},{"taxonomy":"post_tag","embeddable":true,"href":"https:\/\/migracao.redenoticia.com.br\/noticia\/wp-json\/wp\/v2\/tags?post=226590"}],"curies":[{"name":"wp","href":"https:\/\/api.w.org\/{rel}","templated":true}]}}